{"id":200368,"date":"2021-10-13T15:42:29","date_gmt":"2021-10-13T19:42:29","guid":{"rendered":"https:\/\/elluchador.info\/web\/?p=200368"},"modified":"2021-10-13T15:42:30","modified_gmt":"2021-10-13T19:42:30","slug":"bolivar-cuenta-con-nuevos-profesionales-en-registro-y-estadisticas-de-salud","status":"publish","type":"post","link":"https:\/\/elluchador.info\/?p=200368","title":{"rendered":"Bol\u00edvar cuenta con nuevos profesionales en registro y estad\u00edsticas de salud"},"content":{"rendered":"\n<p>Nuevos profesionales recibieron su certificaci\u00f3n por la realizaci\u00f3n del curso b\u00e1sico de Registro y Estad\u00edsticas de Salud gracias al impulso realizado para la formaci\u00f3n y preparaci\u00f3n del Instituto de Salud P\u00fablica del estado Bol\u00edvar (Ispeb).<\/p>\n\n\n\n<p>Durante este primer grupo se cont\u00f3 con la participaci\u00f3n de personas de los municipios Angostura del Orinoco, Caron\u00ed, Sifontes y Piar, los cuales estar\u00e1n en los centros de salud encargados de las estad\u00edsticas e informaci\u00f3n de los pacientes.<\/p>\n\n\n\n<p>La soci\u00f3loga Joseli Cuba, directora de Investigaci\u00f3n y Docencia del Ispeb, destac\u00f3 que se entreg\u00f3 certificaci\u00f3n a 57 participantes que formaron parte en esta primera corte, en donde la modalidad de estudio se tuvo que adecuar con la nueva realidad impuesta por la pandemia como es la formaci\u00f3n virtual y a distancia.<\/p>\n\n\n\n<p>De igual forma resalt\u00f3 la preparaci\u00f3n que han tenido para brindar ese apoyo en la salud y ese trabajo arduo que se va a desarrollar en la formalizaci\u00f3n del registro, proceso y an\u00e1lisis de la informaci\u00f3n.<\/p>\n\n\n\n<p>Destac\u00f3 que este primer grupo del curso b\u00e1sico de Registro y Estad\u00edsticas de Salud es gracias al empe\u00f1o de la autoridad \u00fanica de salud y presidente del Ispeb, Dr. Franklin Franchi, en la profesionalizaci\u00f3n y la mejora del personal, lo que se traduce en una mejor prestaci\u00f3n del servicio para la colectividad.<\/p>\n\n\n\n<p>Por su parte el director de atenci\u00f3n m\u00e9dica y coordinador de nutrici\u00f3n del Ispeb, Dr. Jos\u00e9 Humberto Salazar, se\u00f1al\u00f3 que esta es una meta m\u00e1s de esta gesti\u00f3n de salud y seguir con el fortalecimiento del mismo.<\/p>\n\n\n\n<p>\u201cEsto es recoger el fruto de tanto empe\u00f1o y esfuerzo, esto es un primer paso no solo para ustedes, sino para la salud p\u00fablica en un punto neur\u00e1lgico como es la informaci\u00f3n dentro de la salud\u201d dijo.<\/p>\n\n\n\n<p>Manifest\u00f3 que con ese trabajo que se estar\u00e1 llevando a cabo desde los centros de salud p\u00fablica permite hacer seguimiento, coordinas y tomar decisiones acertadas que van en beneficio de la poblaci\u00f3n.<\/p>\n\n\n\n<p>Es de se\u00f1alar que ya se est\u00e1 preparado para la segunda corte del curso b\u00e1sico de Registro y Estad\u00edsticas de Salud, el cual cuenta ya con 240 matriculados de diversos municipios.<\/p>\n\n\n\n<p><strong>(Prensa Ispeb)<\/strong><\/p>\n","protected":false},"excerpt":{"rendered":"<p>Nuevos profesionales recibieron su certificaci\u00f3n por la realizaci\u00f3n del curso b\u00e1sico de Registro y Estad\u00edsticas de Salud gracias al impulso realizado para la formaci\u00f3n y preparaci\u00f3n del Instituto de Salud P\u00fablica del estado Bol\u00edvar (Ispeb). Durante este primer grupo se cont\u00f3 con la participaci\u00f3n de personas de los municipios Angostura del Orinoco, Caron\u00ed, Sifontes y [&hellip;]<\/p>\n","protected":false},"author":2,"featured_media":200369,"comment_status":"closed","ping_status":"closed","sticky":false,"template":"","format":"standard","meta":{"footnotes":""},"categories":[5,12],"tags":[],"class_list":{"0":"post-200368","1":"post","2":"type-post","3":"status-publish","4":"format-standard","5":"has-post-thumbnail","7":"category-destacado","8":"category-regionales"},"_links":{"self":[{"href":"https:\/\/elluchador.info\/index.php?rest_route=\/wp\/v2\/posts\/200368","targetHints":{"allow":["GET"]}}],"collection":[{"href":"https:\/\/elluchador.info\/index.php?rest_route=\/wp\/v2\/posts"}],"about":[{"href":"https:\/\/elluchador.info\/index.php?rest_route=\/wp\/v2\/types\/post"}],"author":[{"embeddable":true,"href":"https:\/\/elluchador.info\/index.php?rest_route=\/wp\/v2\/users\/2"}],"replies":[{"embeddable":true,"href":"https:\/\/elluchador.info\/index.php?rest_route=%2Fwp%2Fv2%2Fcomments&post=200368"}],"version-history":[{"count":1,"href":"https:\/\/elluchador.info\/index.php?rest_route=\/wp\/v2\/posts\/200368\/revisions"}],"predecessor-version":[{"id":200370,"href":"https:\/\/elluchador.info\/index.php?rest_route=\/wp\/v2\/posts\/200368\/revisions\/200370"}],"wp:featuredmedia":[{"embeddable":true,"href":"https:\/\/elluchador.info\/index.php?rest_route=\/wp\/v2\/media\/200369"}],"wp:attachment":[{"href":"https:\/\/elluchador.info\/index.php?rest_route=%2Fwp%2Fv2%2Fmedia&parent=200368"}],"wp:term":[{"taxonomy":"category","embeddable":true,"href":"https:\/\/elluchador.info\/index.php?rest_route=%2Fwp%2Fv2%2Fcategories&post=200368"},{"taxonomy":"post_tag","embeddable":true,"href":"https:\/\/elluchador.info\/index.php?rest_route=%2Fwp%2Fv2%2Ftags&post=200368"}],"curies":[{"name":"wp","href":"https:\/\/api.w.org\/{rel}","templated":true}]}}