{"id":200389,"date":"2021-10-13T16:02:20","date_gmt":"2021-10-13T20:02:20","guid":{"rendered":"https:\/\/elluchador.info\/web\/?p=200389"},"modified":"2021-10-13T16:02:21","modified_gmt":"2021-10-13T20:02:21","slug":"falta-de-buques-y-alta-demanda-de-carga-genera-aumento-de-flete","status":"publish","type":"post","link":"https:\/\/elluchador.info\/?p=200389","title":{"rendered":"Falta de buques y alta demanda de carga genera aumento de flete"},"content":{"rendered":"\n<blockquote class=\"wp-block-quote is-layout-flow wp-block-quote-is-layout-flow\"><p>\u00abAl haber mucha demanda de carga en distintos puertos del mundo y pocos buques que est\u00e1n recogiendo la carga, pues autom\u00e1ticamente se genera un colapso en los puertos y lo que hace la naviera es subir los precios del transporte\u00bb, asever\u00f3.<\/p><\/blockquote>\n\n\n\n<p>El representante de la Comisi\u00f3n Puerto Aduana de la C\u00e1mara de Comercio aduanero del puerto de Puerto Cabello,&nbsp;<strong>Jorge Aroca,&nbsp;<\/strong>explic\u00f3 que el&nbsp;<strong>aumento de los fletes navieros se produce por la alta demanda de carga y a los pocos buques que actualmente est\u00e1n operativos.<\/strong><\/p>\n\n\n\n<p>Aroca destac\u00f3 que actualmente existen solicitudes de carga para contenedores que se encuentran retrasados ante la falta de buques.<\/p>\n\n\n\n<p>Durante una entrevista con<strong><em>&nbsp;Marypili Hern\u00e1ndez para Uni\u00f3n Radio<\/em><\/strong>, destac\u00f3 que tras el inicio de la pandemia las navieras, para evitar una \u00abca\u00edda estrepitosa se vieron en la obligaci\u00f3n de reducir su n\u00famero de buques, afectando por consecuencia las operaciones a nivel mundial.<\/p>\n\n\n\n<blockquote class=\"wp-block-quote is-layout-flow wp-block-quote-is-layout-flow\"><p>\u00abLa mayor\u00eda de pa\u00edses cerraron fronteras (\u2026) Cayeron las importaciones y exportaciones. Pr\u00e1cticamente hubo un freno a nivel mundial\u00bb<\/p><cite>Uni\u00f3n Radio<\/cite><\/blockquote>\n","protected":false},"excerpt":{"rendered":"<p>\u00abAl haber mucha demanda de carga en distintos puertos del mundo y pocos buques que est\u00e1n recogiendo la carga, pues autom\u00e1ticamente se genera un colapso en los puertos y lo que hace la naviera es subir los precios del transporte\u00bb, asever\u00f3. El representante de la Comisi\u00f3n Puerto Aduana de la C\u00e1mara de Comercio aduanero del [&hellip;]<\/p>\n","protected":false},"author":2,"featured_media":200390,"comment_status":"closed","ping_status":"closed","sticky":false,"template":"","format":"standard","meta":{"footnotes":""},"categories":[5,6],"tags":[],"class_list":{"0":"post-200389","1":"post","2":"type-post","3":"status-publish","4":"format-standard","5":"has-post-thumbnail","7":"category-destacado","8":"category-economia"},"_links":{"self":[{"href":"https:\/\/elluchador.info\/index.php?rest_route=\/wp\/v2\/posts\/200389","targetHints":{"allow":["GET"]}}],"collection":[{"href":"https:\/\/elluchador.info\/index.php?rest_route=\/wp\/v2\/posts"}],"about":[{"href":"https:\/\/elluchador.info\/index.php?rest_route=\/wp\/v2\/types\/post"}],"author":[{"embeddable":true,"href":"https:\/\/elluchador.info\/index.php?rest_route=\/wp\/v2\/users\/2"}],"replies":[{"embeddable":true,"href":"https:\/\/elluchador.info\/index.php?rest_route=%2Fwp%2Fv2%2Fcomments&post=200389"}],"version-history":[{"count":1,"href":"https:\/\/elluchador.info\/index.php?rest_route=\/wp\/v2\/posts\/200389\/revisions"}],"predecessor-version":[{"id":200391,"href":"https:\/\/elluchador.info\/index.php?rest_route=\/wp\/v2\/posts\/200389\/revisions\/200391"}],"wp:featuredmedia":[{"embeddable":true,"href":"https:\/\/elluchador.info\/index.php?rest_route=\/wp\/v2\/media\/200390"}],"wp:attachment":[{"href":"https:\/\/elluchador.info\/index.php?rest_route=%2Fwp%2Fv2%2Fmedia&parent=200389"}],"wp:term":[{"taxonomy":"category","embeddable":true,"href":"https:\/\/elluchador.info\/index.php?rest_route=%2Fwp%2Fv2%2Fcategories&post=200389"},{"taxonomy":"post_tag","embeddable":true,"href":"https:\/\/elluchador.info\/index.php?rest_route=%2Fwp%2Fv2%2Ftags&post=200389"}],"curies":[{"name":"wp","href":"https:\/\/api.w.org\/{rel}","templated":true}]}}