{"id":200392,"date":"2021-10-13T16:04:46","date_gmt":"2021-10-13T20:04:46","guid":{"rendered":"https:\/\/elluchador.info\/web\/?p=200392"},"modified":"2021-10-13T16:04:47","modified_gmt":"2021-10-13T20:04:47","slug":"la-oms-define-oficialmente-como-enfermedad-al-covid-19-persistente","status":"publish","type":"post","link":"https:\/\/elluchador.info\/?p=200392","title":{"rendered":"La OMS define oficialmente como enfermedad al covid-19 persistente"},"content":{"rendered":"\n<p>La Organizaci\u00f3n Mundial de la Salud (OMS) public\u00f3 la primera&nbsp;<strong>definici\u00f3n cl\u00ednica oficial<\/strong>&nbsp;de la enfermedad poscovid-19, tambi\u00e9n denominada&nbsp;covid-19&nbsp;persistente, acordada tras una consulta mundial y que tiene como objetivo facilitar el tratamiento de los enfermos.<\/p>\n\n\n\n<p>Esta patolog\u00eda suele aparecer&nbsp;normalmente tres meses despu\u00e9s del inicio del covid-19.&nbsp;\u201cLos s\u00edntomas&nbsp;<strong>duran al menos dos meses<\/strong>&nbsp;y no pueden explicarse por un diagn\u00f3stico alternativo\u201d, explic\u00f3 la doctora Janet D\u00edaz, jefa de gesti\u00f3n cl\u00ednica de la OMS.<\/p>\n\n\n\n<p>La mayor\u00eda de los pacientes que padecen covid-19 se recuperan completamente. Sin embargo, algunos&nbsp;<strong>sufren efectos a largo plazo<\/strong>&nbsp;en su organismo, en los sistemas pulmonar, cardiovascular y nervioso, as\u00ed como efectos psicol\u00f3gicos. Estos efectos pueden producirse con independencia de la gravedad inicial de la infecci\u00f3n. Asimismo, se dan con mayor frecuencia en mujeres, personas de mediana edad y en aquellos que mostraron m\u00e1s s\u00edntomas inicialmente.<\/p>\n\n\n\n<h2 class=\"wp-block-heading\">Los s\u00edntomas del covid-19 a largo plazo<\/h2>\n\n\n\n<p>Esta es la definici\u00f3n completa\u00a0<strong>del covid-19 persistente<\/strong>, seg\u00fan la OMS: \u201cLa afecci\u00f3n poscovid-19 se produce en individuos con antecedentes de infecci\u00f3n probable o confirmada, generalmente tres meses despu\u00e9s de la aparici\u00f3n de s\u00edntomas que duran al menos dos meses y que no pueden explicarse por un diagn\u00f3stico alternativo. Los s\u00edntomas m\u00e1s comunes son la fatiga, la dificultad para respirar y la disfunci\u00f3n cognitiva. Pero tambi\u00e9n se pueden dar otros s\u00edntomas que suelen repercutir en el funcionamiento cotidiano del enfermo\u00bb.<\/p>\n\n\n\n<p>Agrega: \u00abLos s\u00edntomas pueden ser de nueva aparici\u00f3n, tras la recuperaci\u00f3n inicial de un episodio agudo de covid-19, o pueden persistir desde el inicio de la enfermedad. Tambi\u00e9n pueden fluctuar&nbsp;<strong>o puede haber reca\u00eddas<\/strong>&nbsp;con el tiempo. Para los ni\u00f1os, puede ser aplicable otra definici\u00f3n\u201d.<\/p>\n\n\n\n<p>Hasta ahora, la falta de claridad entre los profesionales de la salud acerca de la enfermedad ha complicado los esfuerzos por avanzar en la investigaci\u00f3n y el tratamiento. Por ese motivo, el organismo sanitario internacional de Naciones Unidas decidi\u00f3\u00a0<strong>buscar una definici\u00f3n de caso cl\u00ednico<\/strong>\u00a0estandarizada en el mundo.<\/p>\n\n\n\n<p>La doctora D\u00edaz describi\u00f3 la nueva definici\u00f3n como\u00a0<strong>un importante paso<\/strong>\u00a0adelante para estandarizar el reconocimiento de los pacientes con esta condici\u00f3n. Asimismo, afirm\u00f3 que la OMS espera que ayude al personal m\u00e9dico y sanitario a reconocer a los pacientes y a comenzar con los tratamientos e intervenciones adecuados y a tener claros los caminos a tomar. \u201cEsperamos que los responsables pol\u00edticos y los sistemas sanitarios establezcan y apliquen modelos sanitarios integrados para atender a estos pacientes\u201d, recalc\u00f3.<\/p>\n\n\n\n<p>Uni\u00f3n Radio <\/p>\n","protected":false},"excerpt":{"rendered":"<p>La Organizaci\u00f3n Mundial de la Salud (OMS) public\u00f3 la primera&nbsp;definici\u00f3n cl\u00ednica oficial&nbsp;de la enfermedad poscovid-19, tambi\u00e9n denominada&nbsp;covid-19&nbsp;persistente, acordada tras una consulta mundial y que tiene como objetivo facilitar el tratamiento de los enfermos. Esta patolog\u00eda suele aparecer&nbsp;normalmente tres meses despu\u00e9s del inicio del covid-19.&nbsp;\u201cLos s\u00edntomas&nbsp;duran al menos dos meses&nbsp;y no pueden explicarse por un diagn\u00f3stico [&hellip;]<\/p>\n","protected":false},"author":2,"featured_media":200393,"comment_status":"closed","ping_status":"closed","sticky":false,"template":"","format":"standard","meta":{"footnotes":""},"categories":[5,19],"tags":[],"class_list":{"0":"post-200392","1":"post","2":"type-post","3":"status-publish","4":"format-standard","5":"has-post-thumbnail","7":"category-destacado","8":"category-salud"},"_links":{"self":[{"href":"https:\/\/elluchador.info\/index.php?rest_route=\/wp\/v2\/posts\/200392","targetHints":{"allow":["GET"]}}],"collection":[{"href":"https:\/\/elluchador.info\/index.php?rest_route=\/wp\/v2\/posts"}],"about":[{"href":"https:\/\/elluchador.info\/index.php?rest_route=\/wp\/v2\/types\/post"}],"author":[{"embeddable":true,"href":"https:\/\/elluchador.info\/index.php?rest_route=\/wp\/v2\/users\/2"}],"replies":[{"embeddable":true,"href":"https:\/\/elluchador.info\/index.php?rest_route=%2Fwp%2Fv2%2Fcomments&post=200392"}],"version-history":[{"count":1,"href":"https:\/\/elluchador.info\/index.php?rest_route=\/wp\/v2\/posts\/200392\/revisions"}],"predecessor-version":[{"id":200394,"href":"https:\/\/elluchador.info\/index.php?rest_route=\/wp\/v2\/posts\/200392\/revisions\/200394"}],"wp:featuredmedia":[{"embeddable":true,"href":"https:\/\/elluchador.info\/index.php?rest_route=\/wp\/v2\/media\/200393"}],"wp:attachment":[{"href":"https:\/\/elluchador.info\/index.php?rest_route=%2Fwp%2Fv2%2Fmedia&parent=200392"}],"wp:term":[{"taxonomy":"category","embeddable":true,"href":"https:\/\/elluchador.info\/index.php?rest_route=%2Fwp%2Fv2%2Fcategories&post=200392"},{"taxonomy":"post_tag","embeddable":true,"href":"https:\/\/elluchador.info\/index.php?rest_route=%2Fwp%2Fv2%2Ftags&post=200392"}],"curies":[{"name":"wp","href":"https:\/\/api.w.org\/{rel}","templated":true}]}}