{"id":200402,"date":"2021-10-13T20:25:40","date_gmt":"2021-10-14T00:25:40","guid":{"rendered":"https:\/\/elluchador.info\/web\/?p=200402"},"modified":"2021-10-13T20:25:42","modified_gmt":"2021-10-14T00:25:42","slug":"camilo-y-evaluna-se-convertiran-en-padres","status":"publish","type":"post","link":"https:\/\/elluchador.info\/?p=200402","title":{"rendered":"Camilo y Evaluna se convertir\u00e1n en padres"},"content":{"rendered":"\n<p>El cantautor y productor&nbsp;Camilo&nbsp;y la cantante y actriz&nbsp;Evaluna Montaner&nbsp;se van a convertir en padres, seg\u00fan lo compartieron en su nuevo video \u201c<a href=\"https:\/\/www.instagram.com\/p\/CU-t7owllLS\/?utm_source=ig_web_copy_link\" target=\"_blank\" rel=\"noreferrer noopener\">\u00cdndigo<\/a>\u201d, sencillo que acaba de lanzar el int\u00e9rprete colombiano.<\/p>\n\n\n\n<p>La canci\u00f3n que viene acompa\u00f1ada por un video, dirigido por\u00a0Evaluna y en donde\u00a0participan personas muy especiales para ellos, incluyendo al cantante\u00a0Ricardo Montaner, padre de Evaluna, revela una de las etapas m\u00e1s importantes en la vida personal de los artistas al convertirse en padres.<\/p>\n\n\n\n<p>En el video se observan a los padres, familias y amistades de ambos artistas celebrando entre risas y l\u00e1grimas la noticia confirmada por una prueba de embarazo positiva.<\/p>\n\n\n\n<p>El matrimonio de artistas proyecta como su amor se consolida a trav\u00e9s del tiempo y logran el deseo de convertirse en padres.<\/p>\n\n\n\n<p><\/p>\n\n\n\n<p>Las reacciones entre los seguidores de la pareja que se cas\u00f3 en febrero de 2020, luego de cinco a\u00f1os de noviazgo no se han hecho esperar y muchos han felicitado al matrimonio.<\/p>\n\n\n\n<p>El tema por compuesto por&nbsp;Camilo&nbsp;y su colaborador \u00c9dgar Barrera,&nbsp;\u201c\u00cdndigo\u201d&nbsp;es una celebraci\u00f3n retro-pop al amor, a la anticipaci\u00f3n y el comienzo de un nuevo viaje para la pareja.<\/p>\n\n\n\n<p>Al igual que sus videos anteriores\u00a0\u201cPor Primera Vez\u201d, \u201cFavorito\u201d\u00a0y\u00a0\u201cVida de Rico\u201d, \u201c\u00cdndigo\u201d\u00a0es una mirada \u00edntima a su relaci\u00f3n y a las grandes noticias que est\u00e1n compartiendo con La Tribu.<\/p>\n\n\n\n<p>Camilo se presentar\u00e1 en concierto el 3 y 4 de diciembre en el Coca-Cola Music Hall en el Distrito T-Mobile.<\/p>\n\n\n\n<p>El Nacional <\/p>\n","protected":false},"excerpt":{"rendered":"<p>El cantautor y productor&nbsp;Camilo&nbsp;y la cantante y actriz&nbsp;Evaluna Montaner&nbsp;se van a convertir en padres, seg\u00fan lo compartieron en su nuevo video \u201c\u00cdndigo\u201d, sencillo que acaba de lanzar el int\u00e9rprete colombiano. La canci\u00f3n que viene acompa\u00f1ada por un video, dirigido por\u00a0Evaluna y en donde\u00a0participan personas muy especiales para ellos, incluyendo al cantante\u00a0Ricardo Montaner, padre de Evaluna, [&hellip;]<\/p>\n","protected":false},"author":2,"featured_media":200404,"comment_status":"closed","ping_status":"closed","sticky":false,"template":"","format":"standard","meta":{"footnotes":""},"categories":[5,7],"tags":[],"class_list":{"0":"post-200402","1":"post","2":"type-post","3":"status-publish","4":"format-standard","5":"has-post-thumbnail","7":"category-destacado","8":"category-entretenimiento"},"_links":{"self":[{"href":"https:\/\/elluchador.info\/index.php?rest_route=\/wp\/v2\/posts\/200402","targetHints":{"allow":["GET"]}}],"collection":[{"href":"https:\/\/elluchador.info\/index.php?rest_route=\/wp\/v2\/posts"}],"about":[{"href":"https:\/\/elluchador.info\/index.php?rest_route=\/wp\/v2\/types\/post"}],"author":[{"embeddable":true,"href":"https:\/\/elluchador.info\/index.php?rest_route=\/wp\/v2\/users\/2"}],"replies":[{"embeddable":true,"href":"https:\/\/elluchador.info\/index.php?rest_route=%2Fwp%2Fv2%2Fcomments&post=200402"}],"version-history":[{"count":1,"href":"https:\/\/elluchador.info\/index.php?rest_route=\/wp\/v2\/posts\/200402\/revisions"}],"predecessor-version":[{"id":200405,"href":"https:\/\/elluchador.info\/index.php?rest_route=\/wp\/v2\/posts\/200402\/revisions\/200405"}],"wp:featuredmedia":[{"embeddable":true,"href":"https:\/\/elluchador.info\/index.php?rest_route=\/wp\/v2\/media\/200404"}],"wp:attachment":[{"href":"https:\/\/elluchador.info\/index.php?rest_route=%2Fwp%2Fv2%2Fmedia&parent=200402"}],"wp:term":[{"taxonomy":"category","embeddable":true,"href":"https:\/\/elluchador.info\/index.php?rest_route=%2Fwp%2Fv2%2Fcategories&post=200402"},{"taxonomy":"post_tag","embeddable":true,"href":"https:\/\/elluchador.info\/index.php?rest_route=%2Fwp%2Fv2%2Ftags&post=200402"}],"curies":[{"name":"wp","href":"https:\/\/api.w.org\/{rel}","templated":true}]}}