{"id":200408,"date":"2021-10-13T21:06:44","date_gmt":"2021-10-14T01:06:44","guid":{"rendered":"https:\/\/elluchador.info\/web\/?p=200408"},"modified":"2021-10-13T21:06:45","modified_gmt":"2021-10-14T01:06:45","slug":"hermanos-tarazona-dieron-positivo-para-covid-19","status":"publish","type":"post","link":"https:\/\/elluchador.info\/?p=200408","title":{"rendered":"Hermanos Tarazona dieron positivo para covid-19"},"content":{"rendered":"\n<p>Los hermanos Javier y Rafael Tarazona, dos de los activistas de\u00a0<a rel=\"noreferrer noopener\" href=\"https:\/\/twitter.com\/FundaREDES_\" target=\"_blank\">Fundaredes<\/a>\u00a0que se mantienen arrestados por el Servicio Bolivariano de Inteligencia Nacional (Sebin), dieron positivo para covid-19. As\u00ed lo inform\u00f3 la ONG en sus redes sociales, y que fue confirmado por el abogado Zair Mundaray.<\/p>\n\n\n\n<p>En tanto, en un video la abogada y activista de Fundaredes, Clara Ram\u00edrez, llam\u00f3 a las autoridades para que se produzca de inmediato el traslado de los hermanos Tarazona a un centro de salud.<\/p>\n\n\n\n<p>Record\u00f3 que los activistas padecen enfermedades de base que han empeorado desde su detenci\u00f3n.<\/p>\n\n\n\n<p>Este mismo mi\u00e9rcoles, 13 de octubre, el Foro Penal denunci\u00f3 m\u00e1s temprano que por quinta vez se suspendi\u00f3 la audiencia debido a falta de traslado desde El Helicoide al Palacio de Justicia.<\/p>\n\n\n\n<p>La organizaci\u00f3n se torn\u00f3 a\u00fan m\u00e1s visible y a tener un mayor impacto en la opini\u00f3n publica, debido a su cobertura sobre el conflicto armado que se suscito desde marzo entre disidencias de las FARC y las Fuerzas Armadas venezolanas en el estado Apure. Un conflicto que gener\u00f3 miles de desplazamientos, as\u00ed como una cifra aun indefinida de militares y paramilitares muertos.<\/p>\n\n\n\n<p>El Nacional<\/p>\n","protected":false},"excerpt":{"rendered":"<p>Los hermanos Javier y Rafael Tarazona, dos de los activistas de\u00a0Fundaredes\u00a0que se mantienen arrestados por el Servicio Bolivariano de Inteligencia Nacional (Sebin), dieron positivo para covid-19. As\u00ed lo inform\u00f3 la ONG en sus redes sociales, y que fue confirmado por el abogado Zair Mundaray. En tanto, en un video la abogada y activista de Fundaredes, [&hellip;]<\/p>\n","protected":false},"author":2,"featured_media":200409,"comment_status":"closed","ping_status":"closed","sticky":false,"template":"","format":"standard","meta":{"footnotes":""},"categories":[5,11],"tags":[],"class_list":{"0":"post-200408","1":"post","2":"type-post","3":"status-publish","4":"format-standard","5":"has-post-thumbnail","7":"category-destacado","8":"category-politica"},"_links":{"self":[{"href":"https:\/\/elluchador.info\/index.php?rest_route=\/wp\/v2\/posts\/200408","targetHints":{"allow":["GET"]}}],"collection":[{"href":"https:\/\/elluchador.info\/index.php?rest_route=\/wp\/v2\/posts"}],"about":[{"href":"https:\/\/elluchador.info\/index.php?rest_route=\/wp\/v2\/types\/post"}],"author":[{"embeddable":true,"href":"https:\/\/elluchador.info\/index.php?rest_route=\/wp\/v2\/users\/2"}],"replies":[{"embeddable":true,"href":"https:\/\/elluchador.info\/index.php?rest_route=%2Fwp%2Fv2%2Fcomments&post=200408"}],"version-history":[{"count":1,"href":"https:\/\/elluchador.info\/index.php?rest_route=\/wp\/v2\/posts\/200408\/revisions"}],"predecessor-version":[{"id":200410,"href":"https:\/\/elluchador.info\/index.php?rest_route=\/wp\/v2\/posts\/200408\/revisions\/200410"}],"wp:featuredmedia":[{"embeddable":true,"href":"https:\/\/elluchador.info\/index.php?rest_route=\/wp\/v2\/media\/200409"}],"wp:attachment":[{"href":"https:\/\/elluchador.info\/index.php?rest_route=%2Fwp%2Fv2%2Fmedia&parent=200408"}],"wp:term":[{"taxonomy":"category","embeddable":true,"href":"https:\/\/elluchador.info\/index.php?rest_route=%2Fwp%2Fv2%2Fcategories&post=200408"},{"taxonomy":"post_tag","embeddable":true,"href":"https:\/\/elluchador.info\/index.php?rest_route=%2Fwp%2Fv2%2Ftags&post=200408"}],"curies":[{"name":"wp","href":"https:\/\/api.w.org\/{rel}","templated":true}]}}