{"id":200421,"date":"2021-10-14T19:21:43","date_gmt":"2021-10-14T23:21:43","guid":{"rendered":"https:\/\/elluchador.info\/web\/?p=200421"},"modified":"2021-10-14T19:21:45","modified_gmt":"2021-10-14T23:21:45","slug":"cvg-recibio-la-llama-deportiva-de-los-juegos-interempresas","status":"publish","type":"post","link":"https:\/\/elluchador.info\/?p=200421","title":{"rendered":"CVG recibi\u00f3 la \u201cLlama Deportiva\u201d de los Juegos Interempresas"},"content":{"rendered":"\n<p>La antorcha ol\u00edmpica de los Juegos Deportivos Interempresas 2021 fue recibida por&nbsp;las autoridades de la Corporaci\u00f3n Venezolana de Guayana de la mano del deportista Jes\u00fas Villegas, representante de la empresa IMGC, en las instalaciones del edificio corporativo, donde arrib\u00f3 flanqueada por los&nbsp;trabajadores y miembros del Comit\u00e9 Organizador&nbsp;de las justas deportivas m\u00e1s importantes de la regi\u00f3n.<\/p>\n\n\n\n<p>El encargado de recibir la \u201cllama deportiva\u201d fue el vicepresidente de Asuntos para el Trabajo, Jos\u00e9 Gregorio Villarroel, en representaci\u00f3n del presidente del ente de desarrollo regional, Pedro Maldonado, quien pas\u00f3 a entreg\u00e1rsela al atleta-trabajador Ernesto Rivera, maratonista de larga trayectoria deportiva y quien fue ovacionado con aplausos por parte de todos los presentes.<\/p>\n\n\n\n<p>Tras el simb\u00f3lico recorrido realizado por las instalaciones de la CVG, la antorcha parti\u00f3 en mano de los atletas cevegistas hasta las instalaciones de CORPOELEC, donde los compa\u00f1eros de la empresa hermana continuar\u00e1n con el recorrido, el cual culminar\u00e1 con el encendido del pebetero ol\u00edmpico, el pr\u00f3ximo s\u00e1bado 16 de octubre, en la edici\u00f3n XL de los Juegos Interempresas, a realizarse en el Polideportivo Venalum.<\/p>\n\n\n\n<figure class=\"wp-block-image size-large\"><img loading=\"lazy\" decoding=\"async\" width=\"1200\" height=\"800\" src=\"https:\/\/elluchador.info\/web\/wp-content\/uploads\/2021\/10\/Foto-Antorcha-en-la-CVG-3.jpg\" alt=\"\" class=\"wp-image-200422\" srcset=\"https:\/\/elluchador.info\/wp-content\/uploads\/2021\/10\/Foto-Antorcha-en-la-CVG-3.jpg 1200w, https:\/\/elluchador.info\/wp-content\/uploads\/2021\/10\/Foto-Antorcha-en-la-CVG-3-300x200.jpg 300w, https:\/\/elluchador.info\/wp-content\/uploads\/2021\/10\/Foto-Antorcha-en-la-CVG-3-1024x683.jpg 1024w, https:\/\/elluchador.info\/wp-content\/uploads\/2021\/10\/Foto-Antorcha-en-la-CVG-3-768x512.jpg 768w, https:\/\/elluchador.info\/wp-content\/uploads\/2021\/10\/Foto-Antorcha-en-la-CVG-3-630x420.jpg 630w, https:\/\/elluchador.info\/wp-content\/uploads\/2021\/10\/Foto-Antorcha-en-la-CVG-3-640x427.jpg 640w, https:\/\/elluchador.info\/wp-content\/uploads\/2021\/10\/Foto-Antorcha-en-la-CVG-3-681x454.jpg 681w\" sizes=\"auto, (max-width: 1200px) 100vw, 1200px\" \/><\/figure>\n\n\n\n<p>(Prensa CVG)<\/p>\n","protected":false},"excerpt":{"rendered":"<p>La antorcha ol\u00edmpica de los Juegos Deportivos Interempresas 2021 fue recibida por&nbsp;las autoridades de la Corporaci\u00f3n Venezolana de Guayana de la mano del deportista Jes\u00fas Villegas, representante de la empresa IMGC, en las instalaciones del edificio corporativo, donde arrib\u00f3 flanqueada por los&nbsp;trabajadores y miembros del Comit\u00e9 Organizador&nbsp;de las justas deportivas m\u00e1s importantes de la regi\u00f3n. [&hellip;]<\/p>\n","protected":false},"author":2,"featured_media":200423,"comment_status":"closed","ping_status":"closed","sticky":false,"template":"","format":"standard","meta":{"footnotes":""},"categories":[5,12],"tags":[],"class_list":{"0":"post-200421","1":"post","2":"type-post","3":"status-publish","4":"format-standard","5":"has-post-thumbnail","7":"category-destacado","8":"category-regionales"},"_links":{"self":[{"href":"https:\/\/elluchador.info\/index.php?rest_route=\/wp\/v2\/posts\/200421","targetHints":{"allow":["GET"]}}],"collection":[{"href":"https:\/\/elluchador.info\/index.php?rest_route=\/wp\/v2\/posts"}],"about":[{"href":"https:\/\/elluchador.info\/index.php?rest_route=\/wp\/v2\/types\/post"}],"author":[{"embeddable":true,"href":"https:\/\/elluchador.info\/index.php?rest_route=\/wp\/v2\/users\/2"}],"replies":[{"embeddable":true,"href":"https:\/\/elluchador.info\/index.php?rest_route=%2Fwp%2Fv2%2Fcomments&post=200421"}],"version-history":[{"count":1,"href":"https:\/\/elluchador.info\/index.php?rest_route=\/wp\/v2\/posts\/200421\/revisions"}],"predecessor-version":[{"id":200425,"href":"https:\/\/elluchador.info\/index.php?rest_route=\/wp\/v2\/posts\/200421\/revisions\/200425"}],"wp:featuredmedia":[{"embeddable":true,"href":"https:\/\/elluchador.info\/index.php?rest_route=\/wp\/v2\/media\/200423"}],"wp:attachment":[{"href":"https:\/\/elluchador.info\/index.php?rest_route=%2Fwp%2Fv2%2Fmedia&parent=200421"}],"wp:term":[{"taxonomy":"category","embeddable":true,"href":"https:\/\/elluchador.info\/index.php?rest_route=%2Fwp%2Fv2%2Fcategories&post=200421"},{"taxonomy":"post_tag","embeddable":true,"href":"https:\/\/elluchador.info\/index.php?rest_route=%2Fwp%2Fv2%2Ftags&post=200421"}],"curies":[{"name":"wp","href":"https:\/\/api.w.org\/{rel}","templated":true}]}}