{"id":200426,"date":"2021-10-14T19:23:58","date_gmt":"2021-10-14T23:23:58","guid":{"rendered":"https:\/\/elluchador.info\/web\/?p=200426"},"modified":"2021-10-14T19:23:59","modified_gmt":"2021-10-14T23:23:59","slug":"erradicado-vertedero-espontaneo-de-la-avenida-san-vicente-de-paul","status":"publish","type":"post","link":"https:\/\/elluchador.info\/?p=200426","title":{"rendered":"Erradicado vertedero espont\u00e1neo de la avenida San Vicente de Pa\u00fal"},"content":{"rendered":"\n<p>El Gobierno municipal de Angostura del Orinoco realiz\u00f3 una jornada de erradicaci\u00f3n de desechos s\u00f3lidos en un vertedero espont\u00e1neo ubicado en la avenida San Vicente de Pa\u00fal.<\/p>\n\n\n\n<p>Sarah Lizardi, directora de Servicios Generales Municipales, inform\u00f3 que con el apoyo de CVG Cabelum, MINFRA, BNBT, lograron eliminar todos los desechos localizados en este sitio.<\/p>\n\n\n\n<p>\u201cEstamos haciendo trabajos muy importantes de recuperaci\u00f3n de estos espacios de nuestra ciudad capital y con esto seguimos fortaleciendo las pol\u00edticas ambientales que hemos desarrollado desde nuestra llegada a la municipalidad\u201d, coment\u00f3.<\/p>\n\n\n\n<p>Recalc\u00f3 que la avenida San Vicente de Pa\u00fal est\u00e1 embellecida y recuperada gracias al trabajo realizado en cooperaci\u00f3n con las empresas hermanas, las pol\u00edticas del presidente Nicol\u00e1s Maduro y del l\u00edder regional y futuro gobernador \u00c1ngel Marcano;&nbsp; junto al&nbsp; poder popular, quienes mantienen el saneamiento&nbsp; progresivo de estos espacios.<\/p>\n\n\n\n<p>Asimismo, indic\u00f3 que retiraron una importante cantidad de desechos s\u00f3lidos acumulados en este vertedero espont\u00e1neo y al mismo tiempo hizo un llamado a los vecinos a depositar la basura en el lugar correspondiente para su recolecci\u00f3n.<\/p>\n\n\n\n<p>Habl\u00f3 sobre el plan de acci\u00f3n de recolecci\u00f3n de desechos que ha implementado la municipalidad con horarios espec\u00edficos por parroquia e inst\u00f3 a los ciudadanos a seguirlo para evitar la acumulaci\u00f3n de desechos en lugares no destinados para ellos.<\/p>\n\n\n\n<p>Trabajo comunitario<\/p>\n\n\n\n<p>Lizardi, manifest\u00f3 que los trabajadores de la Alcald\u00eda de Angostura del Orinoco trabajan arduamente para llevar bienestar a las comunidades bolivarenses y lo seguir\u00e1n haciendo con amor y dedicaci\u00f3n.<\/p>\n\n\n\n<p>\u201cDesde la llegada de nuestro alcalde Sergio Hern\u00e1ndez a la municipalidad, hemos logrado importantes obras para transformar y embellecer a nuestra Ciudad Bol\u00edvar y estamos orgullosos de contar con el apoyo de nuestro pueblo para ello\u201d, dijo.<\/p>\n\n\n\n<p>Asegur\u00f3 que extender\u00e1n estas jornadas a otros sectores, calles y avenidas del municipio Angostura del Orinoco para garantizar la salud del pueblo y su bienestar.<\/p>\n\n\n\n<p>Se\u00f1al\u00f3 que con estas acciones se sigue construyendo un municipio potencia gracias a la entrega y dedicaci\u00f3n del alcalde Sergio Hern\u00e1ndez.<\/p>\n\n\n\n<p>Invit\u00f3 al poder popular a seguir apoyando las acciones de mantenimiento desde cada una de las parroquias del municipio para alcanzar la optimizaci\u00f3n de los espacios municipales.<\/p>\n\n\n\n<p><\/p>\n\n\n\n<p><strong>Prensa Alcald\u00eda A\/O<\/strong><\/p>\n","protected":false},"excerpt":{"rendered":"<p>El Gobierno municipal de Angostura del Orinoco realiz\u00f3 una jornada de erradicaci\u00f3n de desechos s\u00f3lidos en un vertedero espont\u00e1neo ubicado en la avenida San Vicente de Pa\u00fal. Sarah Lizardi, directora de Servicios Generales Municipales, inform\u00f3 que con el apoyo de CVG Cabelum, MINFRA, BNBT, lograron eliminar todos los desechos localizados en este sitio. \u201cEstamos haciendo [&hellip;]<\/p>\n","protected":false},"author":2,"featured_media":200427,"comment_status":"closed","ping_status":"closed","sticky":false,"template":"","format":"standard","meta":{"footnotes":""},"categories":[5,20],"tags":[],"class_list":{"0":"post-200426","1":"post","2":"type-post","3":"status-publish","4":"format-standard","5":"has-post-thumbnail","7":"category-destacado","8":"category-municipal"},"_links":{"self":[{"href":"https:\/\/elluchador.info\/index.php?rest_route=\/wp\/v2\/posts\/200426","targetHints":{"allow":["GET"]}}],"collection":[{"href":"https:\/\/elluchador.info\/index.php?rest_route=\/wp\/v2\/posts"}],"about":[{"href":"https:\/\/elluchador.info\/index.php?rest_route=\/wp\/v2\/types\/post"}],"author":[{"embeddable":true,"href":"https:\/\/elluchador.info\/index.php?rest_route=\/wp\/v2\/users\/2"}],"replies":[{"embeddable":true,"href":"https:\/\/elluchador.info\/index.php?rest_route=%2Fwp%2Fv2%2Fcomments&post=200426"}],"version-history":[{"count":1,"href":"https:\/\/elluchador.info\/index.php?rest_route=\/wp\/v2\/posts\/200426\/revisions"}],"predecessor-version":[{"id":200428,"href":"https:\/\/elluchador.info\/index.php?rest_route=\/wp\/v2\/posts\/200426\/revisions\/200428"}],"wp:featuredmedia":[{"embeddable":true,"href":"https:\/\/elluchador.info\/index.php?rest_route=\/wp\/v2\/media\/200427"}],"wp:attachment":[{"href":"https:\/\/elluchador.info\/index.php?rest_route=%2Fwp%2Fv2%2Fmedia&parent=200426"}],"wp:term":[{"taxonomy":"category","embeddable":true,"href":"https:\/\/elluchador.info\/index.php?rest_route=%2Fwp%2Fv2%2Fcategories&post=200426"},{"taxonomy":"post_tag","embeddable":true,"href":"https:\/\/elluchador.info\/index.php?rest_route=%2Fwp%2Fv2%2Ftags&post=200426"}],"curies":[{"name":"wp","href":"https:\/\/api.w.org\/{rel}","templated":true}]}}