{"id":200450,"date":"2021-10-14T20:15:56","date_gmt":"2021-10-15T00:15:56","guid":{"rendered":"https:\/\/elluchador.info\/web\/?p=200450"},"modified":"2021-10-14T20:15:58","modified_gmt":"2021-10-15T00:15:58","slug":"oms-sugiere-vacunacion-tras-confirmar-brote","status":"publish","type":"post","link":"https:\/\/elluchador.info\/?p=200450","title":{"rendered":"OMS sugiere vacunaci\u00f3n tras confirmar brote"},"content":{"rendered":"\n<p>La OMS dijo que lo m\u00e1s urgente ahora es aumentar la cobertura de vacunaci\u00f3n entre la poblaci\u00f3n, particularmente de la que vive en zonas amaz\u00f3nicas y que est\u00e1n expuestas a dos mosquitos que trasmiten la enfermedad en \u00e1reas forestales (Haemagogus y Sabethes).<\/p>\n\n\n\n<p>Un brote de fiebre amarilla en Venezuela fue confirmado por la Organizaci\u00f3n Mundial de la Salud (OMS). Son siete casos confirmados a trav\u00e9s de pruebas de laboratorio hechas a finales de septiembre.<\/p>\n\n\n\n<p>Seis de los afectados son personas que no estaban vacunadas contra esta enfermedad end\u00e9mica en \u00e9ste y otros pa\u00edses de Sudam\u00e9rica, refiere EFE.<\/p>\n\n\n\n<p>Asimismo, recomend\u00f3 que aumentar la vacunaci\u00f3n entre ind\u00edgenas, inmigrantes y personas vulnerables.<\/p>\n\n\n\n<p>De acuerdo con la informaci\u00f3n entregada en\u00a0<strong>Ginebra<\/strong>, el posible foco del brote es en el estado\u00a0<strong>Monagas<\/strong>\u00a0y el primer caso reportado fue el de una mujer embarazada. Mientras que los otros contagiados eran cinco hombres y una mujer de entre\u00a0<strong>24 y 82 a\u00f1os<\/strong>\u00a0de edad.<\/p>\n\n\n\n<p>Banca y Negocios<\/p>\n","protected":false},"excerpt":{"rendered":"<p>La OMS dijo que lo m\u00e1s urgente ahora es aumentar la cobertura de vacunaci\u00f3n entre la poblaci\u00f3n, particularmente de la que vive en zonas amaz\u00f3nicas y que est\u00e1n expuestas a dos mosquitos que trasmiten la enfermedad en \u00e1reas forestales (Haemagogus y Sabethes). Un brote de fiebre amarilla en Venezuela fue confirmado por la Organizaci\u00f3n Mundial [&hellip;]<\/p>\n","protected":false},"author":2,"featured_media":200451,"comment_status":"closed","ping_status":"closed","sticky":false,"template":"","format":"standard","meta":{"footnotes":""},"categories":[5,19],"tags":[],"class_list":{"0":"post-200450","1":"post","2":"type-post","3":"status-publish","4":"format-standard","5":"has-post-thumbnail","7":"category-destacado","8":"category-salud"},"_links":{"self":[{"href":"https:\/\/elluchador.info\/index.php?rest_route=\/wp\/v2\/posts\/200450","targetHints":{"allow":["GET"]}}],"collection":[{"href":"https:\/\/elluchador.info\/index.php?rest_route=\/wp\/v2\/posts"}],"about":[{"href":"https:\/\/elluchador.info\/index.php?rest_route=\/wp\/v2\/types\/post"}],"author":[{"embeddable":true,"href":"https:\/\/elluchador.info\/index.php?rest_route=\/wp\/v2\/users\/2"}],"replies":[{"embeddable":true,"href":"https:\/\/elluchador.info\/index.php?rest_route=%2Fwp%2Fv2%2Fcomments&post=200450"}],"version-history":[{"count":1,"href":"https:\/\/elluchador.info\/index.php?rest_route=\/wp\/v2\/posts\/200450\/revisions"}],"predecessor-version":[{"id":200452,"href":"https:\/\/elluchador.info\/index.php?rest_route=\/wp\/v2\/posts\/200450\/revisions\/200452"}],"wp:featuredmedia":[{"embeddable":true,"href":"https:\/\/elluchador.info\/index.php?rest_route=\/wp\/v2\/media\/200451"}],"wp:attachment":[{"href":"https:\/\/elluchador.info\/index.php?rest_route=%2Fwp%2Fv2%2Fmedia&parent=200450"}],"wp:term":[{"taxonomy":"category","embeddable":true,"href":"https:\/\/elluchador.info\/index.php?rest_route=%2Fwp%2Fv2%2Fcategories&post=200450"},{"taxonomy":"post_tag","embeddable":true,"href":"https:\/\/elluchador.info\/index.php?rest_route=%2Fwp%2Fv2%2Ftags&post=200450"}],"curies":[{"name":"wp","href":"https:\/\/api.w.org\/{rel}","templated":true}]}}