{"id":200453,"date":"2021-10-14T20:20:42","date_gmt":"2021-10-15T00:20:42","guid":{"rendered":"https:\/\/elluchador.info\/web\/?p=200453"},"modified":"2021-10-14T20:20:44","modified_gmt":"2021-10-15T00:20:44","slug":"eeuu-y-ue-reafirmaron-apoyo-a-venezuela","status":"publish","type":"post","link":"https:\/\/elluchador.info\/?p=200453","title":{"rendered":"EEUU y UE  reafirmaron apoyo a Venezuela"},"content":{"rendered":"\n<p>Ambos representantes de las referidas instancias internacionales,\u00a0destacaron su firme apoyo a los esfuerzos\u00a0para restaurar el orden democr\u00e1tico en Venezuela.<\/p>\n\n\n\n<p>Anthony Blinken,\u00a0secretario de Estado de Estados Unidos y el alto representante de la Uni\u00f3n Europea para Asuntos Exteriores y Pol\u00edtica de Seguridad,\u00a0Josep Borrell,\u00a0reafirmaron este jueves el apoyo a Venezuela, ante la crisis humanitaria que se vive en el pa\u00eds.<\/p>\n\n\n\n<p>Por otra parte,\u00a0Blinken reafirm\u00f3 el apoyo de los Estados Unidos a una Europa m\u00e1s fuerte y capaz.\u00a0En este sentido, resalt\u00f3 su compromiso en fortalecer la seguridad transatl\u00e1ntica y global a trav\u00e9s de medidas que sean compatibles con la OTAN.<\/p>\n\n\n\n<p>Finalmente, subrayaron su intenci\u00f3n de iniciar un di\u00e1logo espec\u00edfico sobre seguridad y defensa,\u00a0como se acord\u00f3 en la Cumbre Estados Unidos \u2013 UE de junio,\u00a0y encargaron a sus equipos que explorar\u00e1n el alcance y las modalidades de dicho di\u00e1logo, rese\u00f1\u00f3 el Centro de Comunicaci\u00f3n Nacional del Gobierno Interino.<\/p>\n","protected":false},"excerpt":{"rendered":"<p>Ambos representantes de las referidas instancias internacionales,\u00a0destacaron su firme apoyo a los esfuerzos\u00a0para restaurar el orden democr\u00e1tico en Venezuela. Anthony Blinken,\u00a0secretario de Estado de Estados Unidos y el alto representante de la Uni\u00f3n Europea para Asuntos Exteriores y Pol\u00edtica de Seguridad,\u00a0Josep Borrell,\u00a0reafirmaron este jueves el apoyo a Venezuela, ante la crisis humanitaria que se vive [&hellip;]<\/p>\n","protected":false},"author":2,"featured_media":200454,"comment_status":"closed","ping_status":"closed","sticky":false,"template":"","format":"standard","meta":{"footnotes":""},"categories":[5,8],"tags":[],"class_list":{"0":"post-200453","1":"post","2":"type-post","3":"status-publish","4":"format-standard","5":"has-post-thumbnail","7":"category-destacado","8":"category-internacionales"},"_links":{"self":[{"href":"https:\/\/elluchador.info\/index.php?rest_route=\/wp\/v2\/posts\/200453","targetHints":{"allow":["GET"]}}],"collection":[{"href":"https:\/\/elluchador.info\/index.php?rest_route=\/wp\/v2\/posts"}],"about":[{"href":"https:\/\/elluchador.info\/index.php?rest_route=\/wp\/v2\/types\/post"}],"author":[{"embeddable":true,"href":"https:\/\/elluchador.info\/index.php?rest_route=\/wp\/v2\/users\/2"}],"replies":[{"embeddable":true,"href":"https:\/\/elluchador.info\/index.php?rest_route=%2Fwp%2Fv2%2Fcomments&post=200453"}],"version-history":[{"count":1,"href":"https:\/\/elluchador.info\/index.php?rest_route=\/wp\/v2\/posts\/200453\/revisions"}],"predecessor-version":[{"id":200455,"href":"https:\/\/elluchador.info\/index.php?rest_route=\/wp\/v2\/posts\/200453\/revisions\/200455"}],"wp:featuredmedia":[{"embeddable":true,"href":"https:\/\/elluchador.info\/index.php?rest_route=\/wp\/v2\/media\/200454"}],"wp:attachment":[{"href":"https:\/\/elluchador.info\/index.php?rest_route=%2Fwp%2Fv2%2Fmedia&parent=200453"}],"wp:term":[{"taxonomy":"category","embeddable":true,"href":"https:\/\/elluchador.info\/index.php?rest_route=%2Fwp%2Fv2%2Fcategories&post=200453"},{"taxonomy":"post_tag","embeddable":true,"href":"https:\/\/elluchador.info\/index.php?rest_route=%2Fwp%2Fv2%2Ftags&post=200453"}],"curies":[{"name":"wp","href":"https:\/\/api.w.org\/{rel}","templated":true}]}}