{"id":200459,"date":"2021-10-14T20:33:19","date_gmt":"2021-10-15T00:33:19","guid":{"rendered":"https:\/\/elluchador.info\/web\/?p=200459"},"modified":"2021-10-14T20:33:20","modified_gmt":"2021-10-15T00:33:20","slug":"observacion-internacional-se-desplegara-en-todo-el-pais-esta-semana","status":"publish","type":"post","link":"https:\/\/elluchador.info\/?p=200459","title":{"rendered":"Observaci\u00f3n internacional se desplegar\u00e1 en todo el pa\u00eds esta semana"},"content":{"rendered":"\n<p>El rector principal,\u00a0<strong>Roberto Pic\u00f3n<\/strong>.<\/p>\n\n\n\n<p>&nbsp;El Consejo Nacional Electoral aprob\u00f3 la observaci\u00f3n internacional para los comicios del 21 de noviembre que se desplegar\u00e1 en todos los estados del pa\u00eds esta semana.<\/p>\n\n\n\n<blockquote class=\"wp-block-quote is-layout-flow wp-block-quote-is-layout-flow\"><p>\u00abYa se ha aprobado una Misi\u00f3n de la UE que se desplegar\u00e1 esta semana, va a observar todo el proceso de la campa\u00f1a electoral y el dia de la elecci\u00f3n con 130 personas aproximadamente\u00bb, precis\u00f3 desde Monagas.<\/p><\/blockquote>\n\n\n\n<p>Acot\u00f3 que mil equipos de fiscalizaci\u00f3n electoral tambi\u00e9n estar\u00e1n operativo en conjunto con las&nbsp;<strong>ferias electorales para ofrecer detalles del proceso y de c\u00f3mo votar a los ciudadanos.<\/strong><\/p>\n\n\n\n<p>Uni\u00f3n Radio <\/p>\n","protected":false},"excerpt":{"rendered":"<p>El rector principal,\u00a0Roberto Pic\u00f3n. &nbsp;El Consejo Nacional Electoral aprob\u00f3 la observaci\u00f3n internacional para los comicios del 21 de noviembre que se desplegar\u00e1 en todos los estados del pa\u00eds esta semana. \u00abYa se ha aprobado una Misi\u00f3n de la UE que se desplegar\u00e1 esta semana, va a observar todo el proceso de la campa\u00f1a electoral y [&hellip;]<\/p>\n","protected":false},"author":2,"featured_media":200461,"comment_status":"closed","ping_status":"closed","sticky":false,"template":"","format":"standard","meta":{"footnotes":""},"categories":[5,11],"tags":[],"class_list":{"0":"post-200459","1":"post","2":"type-post","3":"status-publish","4":"format-standard","5":"has-post-thumbnail","7":"category-destacado","8":"category-politica"},"_links":{"self":[{"href":"https:\/\/elluchador.info\/index.php?rest_route=\/wp\/v2\/posts\/200459","targetHints":{"allow":["GET"]}}],"collection":[{"href":"https:\/\/elluchador.info\/index.php?rest_route=\/wp\/v2\/posts"}],"about":[{"href":"https:\/\/elluchador.info\/index.php?rest_route=\/wp\/v2\/types\/post"}],"author":[{"embeddable":true,"href":"https:\/\/elluchador.info\/index.php?rest_route=\/wp\/v2\/users\/2"}],"replies":[{"embeddable":true,"href":"https:\/\/elluchador.info\/index.php?rest_route=%2Fwp%2Fv2%2Fcomments&post=200459"}],"version-history":[{"count":1,"href":"https:\/\/elluchador.info\/index.php?rest_route=\/wp\/v2\/posts\/200459\/revisions"}],"predecessor-version":[{"id":200462,"href":"https:\/\/elluchador.info\/index.php?rest_route=\/wp\/v2\/posts\/200459\/revisions\/200462"}],"wp:featuredmedia":[{"embeddable":true,"href":"https:\/\/elluchador.info\/index.php?rest_route=\/wp\/v2\/media\/200461"}],"wp:attachment":[{"href":"https:\/\/elluchador.info\/index.php?rest_route=%2Fwp%2Fv2%2Fmedia&parent=200459"}],"wp:term":[{"taxonomy":"category","embeddable":true,"href":"https:\/\/elluchador.info\/index.php?rest_route=%2Fwp%2Fv2%2Fcategories&post=200459"},{"taxonomy":"post_tag","embeddable":true,"href":"https:\/\/elluchador.info\/index.php?rest_route=%2Fwp%2Fv2%2Ftags&post=200459"}],"curies":[{"name":"wp","href":"https:\/\/api.w.org\/{rel}","templated":true}]}}