{"id":200487,"date":"2021-10-15T08:40:06","date_gmt":"2021-10-15T12:40:06","guid":{"rendered":"https:\/\/elluchador.info\/web\/?p=200487"},"modified":"2021-10-15T08:40:08","modified_gmt":"2021-10-15T12:40:08","slug":"partido-que-hizo-a-pedro-castillo-presidente-de-peru-niega-confianza-a-su-gobierno","status":"publish","type":"post","link":"https:\/\/elluchador.info\/?p=200487","title":{"rendered":"Partido que hizo a Pedro Castillo presidente de Per\u00fa niega confianza a su gobierno"},"content":{"rendered":"\n<p>El partido marxista Per\u00fa Libre, que llev\u00f3 a Pedro Castillo a la Presidencia de Per\u00fa, anunci\u00f3 que no le dar\u00e1 el voto de confianza a su nuevo\u00a0<a rel=\"noreferrer noopener\" href=\"https:\/\/www.elnacional.com\/mundo\/peru-pedro-castillo-anuncia-la-renuncia-de-todo-su-gabinete\/\" target=\"_blank\">gabinete<\/a>\u00a0al considerar que este supone un giro al \u00abcentro derechismo\u00bb, lo que supone un alejamiento claro del Ejecutivo y anticipa una ruptura del bloque pol\u00edtico.<\/p>\n\n\n\n<p>En un comunicado difundido por el l\u00edder del partido, Vladimir Cerr\u00f3n, Per\u00fa Libre se\u00f1ala que \u00abexiste un inocultable giro pol\u00edtico del gobierno y su gabinete hacia el centro derechismo, donde incrementaron los representantes \u2018caviares\u00bb, como califican de forma despectiva a los pol\u00edticos de izquierda progresista.<\/p>\n\n\n\n<p>\u00abEsta composici\u00f3n la integran partidos sin inscripci\u00f3n, sostenidos por ONG norteamericanas, quienes han cogobernado con los cuatro \u00faltimos gobiernos y ahora con el actual\u00bb, indic\u00f3 el comunicado firmado por la Asamblea Nacional Extraordinaria del partido.<\/p>\n\n\n\n<p>Per\u00fa Libre enfil\u00f3 sus cr\u00edticas tambi\u00e9n contra la designaci\u00f3n de las ministras de Trabajo, Betsy Ch\u00e1vez, y de Desarrollo e Inclusi\u00f3n Social, Dina Boluarte, vicepresidenta de la Rep\u00fablica, ambas militantes del partido, sobre las que se\u00f1ala que no representan al grupo pol\u00edtico porque sus nombramientos responden a actos \u00abindividualistas\u00bb.<\/p>\n\n\n\n<p>Asimismo, plante\u00f3 a los congresistas que son militantes de Per\u00fa Libre a recomponer su bancada en el Parlamento, pues agreg\u00f3 que los legisladores afines al magisterio, el sindicato al que pertenece Castillo, \u00abtienen un proyecto de partido propio\u00bb.<\/p>\n\n\n\n<h2 class=\"wp-block-heading\">Presidente alista su partido<\/h2>\n\n\n\n<p>Efectivamente, la Federaci\u00f3n Nacional de Trabajadores en la Educaci\u00f3n del Per\u00fa (Fenate Per\u00fa), sindicato fundado por Castillo, recibi\u00f3 su inscripci\u00f3n oficial ante el Ministerio de Trabajo y Promoci\u00f3n del Empleo en julio pasado, a escasos d\u00edas de la asunci\u00f3n del mandatario, lo que significar\u00eda un primer paso para su transformaci\u00f3n en movimiento pol\u00edtico.<\/p>\n\n\n\n<p>Entre los 37 congresistas que tiene Per\u00fa Libre, un grupo de unos 13 legisladores est\u00e1 formado por maestros cuyos v\u00ednculos son m\u00e1s estrechos con Castillo que con Cerr\u00f3n, y desde hace ya semanas se habla de que conformar\u00e1n un grupo parlamentario independiente.<\/p>\n\n\n\n<p>Per\u00fa Libre invoc\u00f3 a sus legisladores a dar cumplimiento a lo dispuesto y no dar el voto de confianza al gabinete \u00abcaviar\u00bb presidido por la abogada Mirtha V\u00e1squez porque \u00abno hacerlo implicar\u00eda una incoherencia principista\u00bb<\/p>\n\n\n\n<h2 class=\"wp-block-heading\">Cuestionamientos mezquinos<\/h2>\n\n\n\n<p>\u00abEs cierto que la pol\u00edtica sirve para llegar a entender a la poblaci\u00f3n, pero todos los d\u00edas no podemos estar en problemas o en cuestionamientos o respondiendo a situaciones mezquinas porque el Per\u00fa nos ha elegido para trabajar y gobernar de cara al pueblo y sin robar un centavo, sin robarle a nadie\u00bb, expres\u00f3 al mandatario peruano ante esta declaraci\u00f3n.<\/p>\n\n\n\n<p>Con los \u00faltimos cambios en el gabinete, Castillo removi\u00f3 a los militantes y colaboradores m\u00e1s cercanos de Cerr\u00f3n de su gabinete, como el ex primer ministro&nbsp;<a href=\"https:\/\/es.wikipedia.org\/wiki\/Guido_Bellido\" target=\"_blank\" rel=\"noreferrer noopener\">Guido Bellido<\/a>, investigado por presunta apolog\u00eda al terrorismo y quien encabez\u00f3 el enfrentamiento con la oposici\u00f3n en el Parlamento.<\/p>\n\n\n\n<p>Castillo descart\u00f3 un acercamiento con sectores de centro o de derecha, y en su lugar dijo que \u00abac\u00e1 manda el pueblo y el dinero tiene que ser invertido para ellos\u00bb.<\/p>\n\n\n\n<h2 class=\"wp-block-heading\">Enfrentamiento desde las redes<\/h2>\n\n\n\n<p>El jefe de Estado tambi\u00e9n le lanz\u00f3 una cr\u00edtica a Cerr\u00f3n al afirmar que \u00abhoy hasta con un tuit se piensa que se cambia el pa\u00eds, y as\u00ed no es, el pa\u00eds se cambia trabajando\u00bb.<\/p>\n\n\n\n<p>En el mismo sentido, el ministro de Salud, Hernando Cevallos, coment\u00f3 que \u00abhay una distancia entre tener diferencia y pasar francamente a la oposici\u00f3n de un gobierno que sigue levantando las banderas que propuso en la campa\u00f1a\u00bb.<\/p>\n\n\n\n<p>Cevallos afirm\u00f3 que el perfil de V\u00e1squez \u00abes m\u00e1s dialogante\u00bb, lo cual le parece bueno. \u00abHay un grado de tolerancia mayor, en la necesidad de buscar consensos\u00bb, a\u00f1adi\u00f3.<\/p>\n\n\n\n<p>\u00abTenemos un gabinete que est\u00e1 planteando un debate intenso de las cosas para llegar a conclusiones serias. Ese es el perfil que tiene Mirtha V\u00e1squez\u00bb, declar\u00f3 el titular de Salud, que fue ratificado en su puesto tras la remoci\u00f3n de Bellido.<\/p>\n\n\n\n<p><strong>El Nacional<\/strong><\/p>\n","protected":false},"excerpt":{"rendered":"<p>El partido marxista Per\u00fa Libre, que llev\u00f3 a Pedro Castillo a la Presidencia de Per\u00fa, anunci\u00f3 que no le dar\u00e1 el voto de confianza a su nuevo\u00a0gabinete\u00a0al considerar que este supone un giro al \u00abcentro derechismo\u00bb, lo que supone un alejamiento claro del Ejecutivo y anticipa una ruptura del bloque pol\u00edtico. En un comunicado difundido [&hellip;]<\/p>\n","protected":false},"author":2,"featured_media":200488,"comment_status":"closed","ping_status":"closed","sticky":false,"template":"","format":"standard","meta":{"footnotes":""},"categories":[8],"tags":[],"class_list":{"0":"post-200487","1":"post","2":"type-post","3":"status-publish","4":"format-standard","5":"has-post-thumbnail","7":"category-internacionales"},"_links":{"self":[{"href":"https:\/\/elluchador.info\/index.php?rest_route=\/wp\/v2\/posts\/200487","targetHints":{"allow":["GET"]}}],"collection":[{"href":"https:\/\/elluchador.info\/index.php?rest_route=\/wp\/v2\/posts"}],"about":[{"href":"https:\/\/elluchador.info\/index.php?rest_route=\/wp\/v2\/types\/post"}],"author":[{"embeddable":true,"href":"https:\/\/elluchador.info\/index.php?rest_route=\/wp\/v2\/users\/2"}],"replies":[{"embeddable":true,"href":"https:\/\/elluchador.info\/index.php?rest_route=%2Fwp%2Fv2%2Fcomments&post=200487"}],"version-history":[{"count":1,"href":"https:\/\/elluchador.info\/index.php?rest_route=\/wp\/v2\/posts\/200487\/revisions"}],"predecessor-version":[{"id":200489,"href":"https:\/\/elluchador.info\/index.php?rest_route=\/wp\/v2\/posts\/200487\/revisions\/200489"}],"wp:featuredmedia":[{"embeddable":true,"href":"https:\/\/elluchador.info\/index.php?rest_route=\/wp\/v2\/media\/200488"}],"wp:attachment":[{"href":"https:\/\/elluchador.info\/index.php?rest_route=%2Fwp%2Fv2%2Fmedia&parent=200487"}],"wp:term":[{"taxonomy":"category","embeddable":true,"href":"https:\/\/elluchador.info\/index.php?rest_route=%2Fwp%2Fv2%2Fcategories&post=200487"},{"taxonomy":"post_tag","embeddable":true,"href":"https:\/\/elluchador.info\/index.php?rest_route=%2Fwp%2Fv2%2Ftags&post=200487"}],"curies":[{"name":"wp","href":"https:\/\/api.w.org\/{rel}","templated":true}]}}