{"id":200493,"date":"2021-10-15T09:42:32","date_gmt":"2021-10-15T13:42:32","guid":{"rendered":"https:\/\/elluchador.info\/web\/?p=200493"},"modified":"2021-10-15T09:42:48","modified_gmt":"2021-10-15T13:42:48","slug":"contra-el-racismo-facebook-trabaja-en-acciones-para-ayudar-a-las-comunidades-indigenas-a-emprender","status":"publish","type":"post","link":"https:\/\/elluchador.info\/?p=200493","title":{"rendered":"\u00a1Contra el racismo! Facebook trabaja en acciones para ayudar a las comunidades ind\u00edgenas a emprender"},"content":{"rendered":"\n<p>El<strong>&nbsp;racismo sigue existiendo en nuestros d\u00edas<\/strong>. Las muestras de odio por el color de piel se siguen presentando en la vida cotidiana y por ende en las redes sociales. Por ello,&nbsp;<strong>Facebook trabaja en erradicar esta pr\u00e1ctica e impulsar a las comunidades ind\u00edgenas y emprendedores racializados.<\/strong>&nbsp;La red social tiene como objetivo dar acceso a estos grupos vulnerados a&nbsp;<strong>la plataforma digital y que logren una buena recuperaci\u00f3n econ\u00f3mica sobre todo ante esta pandemia de covid-19.<\/strong><\/p>\n\n\n\n<p>En entrevista con&nbsp;<a href=\"https:\/\/www.milenio.com\/\" target=\"_blank\" rel=\"noreferrer noopener\">MILENIO<\/a>, \u00cd\u00f1igo Fern\u00e1ndez, director de Pol\u00edticas P\u00fablicas para M\u00e9xico y Centroam\u00e9rica en Facebook, -en el marco del D\u00eda del Respeto a la Diversidad Cultural- revel\u00f3 que la red social est\u00e1 accionando para comprender las problem\u00e1ticas que a\u00fan siguen presentes en nuestros d\u00edas tales como la discriminaci\u00f3n y el racismo. Por ello, est\u00e1 trabajando en conjunto con organizaciones especializadas para acelerar la digitalizaci\u00f3n de las comunidades ind\u00edgenas en el pa\u00eds.<\/p>\n\n\n\n<blockquote class=\"wp-block-quote is-layout-flow wp-block-quote-is-layout-flow\"><p><strong>\u201cEn el ADN de nuestra empresa \u2013Facebook\u2013 est\u00e1 el construir valor social en las comunidades en las que trabajamos y M\u00e9xico no es una excepci\u00f3n. Llevamos trabajando a\u00f1os en M\u00e9xico para construir iniciativas de valor social. Por ello es importante mencionar que estos programas que ofrecemos son totalmente gratuitos y lo \u00fanico que buscamos es generar un impacto positivo en nuestras comunidades. Somos la primera empresa que no s\u00f3lo busca combatir el racismo sino tambi\u00e9n entender de los actores y de las personas\u201d, inform\u00f3.<\/strong><\/p><\/blockquote>\n\n\n\n<p><img decoding=\"async\" alt=\"Facebook (Reuters).\" src=\"https:\/\/img-s-msn-com.akamaized.net\/tenant\/amp\/entityid\/AAOKABh.img?h=545&amp;w=874&amp;m=6&amp;q=60&amp;o=f&amp;l=f\">\u00a9 Proporcionado por Milenio&nbsp;Facebook (Reuters).<\/p>\n\n\n\n<p>Para esta nueva iniciativa, Facebook trabaja arduamente con especialistas, as\u00ed como con sociedad civil que ayude a entender a\u00fan m\u00e1s las problem\u00e1ticas que viven las comunidades ind\u00edgenas con relaci\u00f3n a la digitalizaci\u00f3n.<\/p>\n\n\n\n<blockquote class=\"wp-block-quote is-layout-flow wp-block-quote-is-layout-flow\"><p><strong>\u201c\u00bfC\u00f3mo podemos ayudar a las comunidades m\u00e1s desfavorecidas? Este programa es punta de lanza, porque nosotros no s\u00f3lo estamos proponiendo algo sino que estamos trabajando con sociedad civil y con diferentes grupos y personas para entender m\u00e1s de la problem\u00e1tica y ser parte de la soluci\u00f3n\u00bb.<\/strong><\/p><\/blockquote>\n\n\n\n<blockquote class=\"wp-block-quote is-layout-flow wp-block-quote-is-layout-flow\"><p><strong>\u00abEl equipo aqu\u00ed en Facebook estuvo estudiando diferentes investigaciones, pongo como ejemplo una de Oxfam que menciona que es menos probable que las personas ind\u00edgenas y de todos los tonos de piel cuenten con grados de escolaridad superiores, ocupen puestos de direcci\u00f3n y que se encuentran en el porcentaje m\u00e1s alto de la pir\u00e1mide econ\u00f3mica\u201d, explic\u00f3 a MILENIO.<\/strong><\/p><\/blockquote>\n\n\n\n<p>Asimismo, puntualiz\u00f3 que debido a la pandemia, estos grupos vulnerados se han visto mucho m\u00e1s afectados. Es por ello que Facebook ayudar\u00e1 a las comunidades ind\u00edgenas emprendedoras para que tengan mejores oportunidades con la tecnolog\u00eda:<\/p>\n\n\n\n<blockquote class=\"wp-block-quote is-layout-flow wp-block-quote-is-layout-flow\"><p><strong>\u201cEstas comunidades ind\u00edgenas han sido desproporcionadamente afectadas por la pandemia debido a las estrategias de recuperaci\u00f3n econ\u00f3mica se han enfocado en impulsar la expansi\u00f3n de las actividades corporativas, por eso en el marco del D\u00eda del respeto a la diversidad cultural, desde Facebook estamos emprendiendo acciones para que comunidades ind\u00edgenas emprendedoras, racializadas en el pa\u00eds aprovechen las oportunidades que la tecnolog\u00eda ofrece para la recuperaci\u00f3n econ\u00f3mica\u201d.<\/strong><\/p><\/blockquote>\n\n\n\n<p><img decoding=\"async\" alt=\"\" src=\"https:\/\/img-s-msn-com.akamaized.net\/tenant\/amp\/entityid\/AAN9b21.img?h=545&amp;w=874&amp;m=6&amp;q=60&amp;o=f&amp;l=f\">\u00a9 Proporcionado por Milenio<\/p>\n\n\n\n<p>Sobre las organizaciones que colaborar\u00e1n con Facebook en esta iniciativa se encuentra la Fundaci\u00f3n ProM\u00e9xico y Racismo MX, quienes se har\u00e1n a cargo de distintas funciones. Ambas primero har\u00e1n un estudio que pretenden terminar en diciembre de este a\u00f1o para comenzar a ejecutar su plan para el siguiente a\u00f1o.<\/p>\n\n\n\n<blockquote class=\"wp-block-quote is-layout-flow wp-block-quote-is-layout-flow\"><p><strong>\u201cVamos a lanzar en colaboraci\u00f3n con la Fundaci\u00f3n Pro M\u00e9xico Ind\u00edgena una serie de talleres para contribuir a que estas comunidades ind\u00edgenas en Chiapas, Campeche, Estado de M\u00e9xico desarrollen habilidades digitales de acceder en su recuperaci\u00f3n econ\u00f3mica tras los impactos\u201d, inform\u00f3 \u00cd\u00f1igo Fern\u00e1ndez.<\/strong><\/p><\/blockquote>\n\n\n\n<p>Este programa est\u00e1 dividido en fases. La primera es una fase piloto y la segunda es trabajar con muchas m\u00e1s organizaciones en el futuro para lograr llegar a estas poblaciones que son las que m\u00e1s necesitan nuestra apoyo nuestro ayuda y que tienen emprendimientos impresionantes que vale la pena apoyar y estar detr\u00e1s de ellos.<\/p>\n\n\n\n<ul class=\"wp-block-list\"><li><strong>\u00abEn la primera etapa que se llevar\u00e1 a cabo entre octubre y diciembre de este a\u00f1o vamos a estudiar con Fundaci\u00f3n Pro M\u00e9xico Ind\u00edgena las necesidades de estos sectores para dise\u00f1ar las capacitaciones que arrancar\u00e1n hasta el a\u00f1o que viene en enero. La Fundaci\u00f3n ser\u00e1 la encargada de convocar los asistentes y vale la pena mencionar que vamos a buscar trabajar con muchas m\u00e1s organizaciones comunitarias. Con el fin de que podamos llegar al mayor n\u00famero de personas posibles con estas capacitaciones que ser\u00e1n 100% gratuitas\u00bb.<\/strong><\/li><li><strong>\u00abLa segunda iniciativa ser\u00e1 junto con Racismo MX, en donde se llevar\u00e1 a cabo una serie de pl\u00e1ticas para generar conciencia sobre los retos que tienen los emprendedores que han sido discriminados por su entorno o por su tono de piel\u2026 que tengan una mayor relevancia en la industria de la publicidad\u00bb, comunic\u00f3 el director de Pol\u00edticas P\u00fablicas para M\u00e9xico y Centroam\u00e9rica en Facebook .<\/strong><\/li><\/ul>\n\n\n\n<p>Las discusiones sobre este tema se transmitir\u00e1n desde la p\u00e1gina oficial de Facebook en las que habr\u00e1 la participaci\u00f3n de periodistas, activistas, especialistas de Marketing y testimonios de emprendedores.<\/p>\n\n\n\n<p>En las dos primeras pl\u00e1ticas que ofrecer\u00e1 Facebook con las organizaciones mencionadas se buscar\u00e1 abordar temas sobre la recuperaci\u00f3n econ\u00f3mica y el contraste con el color de piel; adem\u00e1s de la importancia de la representaci\u00f3n y verse en la industria.<\/p>\n\n\n\n<blockquote class=\"wp-block-quote is-layout-flow wp-block-quote-is-layout-flow\"><p><strong>\u201cVamos a lanzar con un impacto en diversos programas para que grupos vulnerables como las comunidades ind\u00edgenas, mujeres y miembros de la comunidad LGBT+ accedan a m\u00e1s oportunidades de la econom\u00eda digital\u201d, adelant\u00f3 \u00cd\u00f1igo a MILENIO.<\/strong><\/p><\/blockquote>\n\n\n\n<p><strong>Milenio<\/strong><\/p>\n","protected":false},"excerpt":{"rendered":"<p>El&nbsp;racismo sigue existiendo en nuestros d\u00edas. Las muestras de odio por el color de piel se siguen presentando en la vida cotidiana y por ende en las redes sociales. Por ello,&nbsp;Facebook trabaja en erradicar esta pr\u00e1ctica e impulsar a las comunidades ind\u00edgenas y emprendedores racializados.&nbsp;La red social tiene como objetivo dar acceso a estos grupos [&hellip;]<\/p>\n","protected":false},"author":2,"featured_media":200494,"comment_status":"closed","ping_status":"closed","sticky":false,"template":"","format":"standard","meta":{"footnotes":""},"categories":[14],"tags":[],"class_list":{"0":"post-200493","1":"post","2":"type-post","3":"status-publish","4":"format-standard","5":"has-post-thumbnail","7":"category-tecnologia"},"_links":{"self":[{"href":"https:\/\/elluchador.info\/index.php?rest_route=\/wp\/v2\/posts\/200493","targetHints":{"allow":["GET"]}}],"collection":[{"href":"https:\/\/elluchador.info\/index.php?rest_route=\/wp\/v2\/posts"}],"about":[{"href":"https:\/\/elluchador.info\/index.php?rest_route=\/wp\/v2\/types\/post"}],"author":[{"embeddable":true,"href":"https:\/\/elluchador.info\/index.php?rest_route=\/wp\/v2\/users\/2"}],"replies":[{"embeddable":true,"href":"https:\/\/elluchador.info\/index.php?rest_route=%2Fwp%2Fv2%2Fcomments&post=200493"}],"version-history":[{"count":1,"href":"https:\/\/elluchador.info\/index.php?rest_route=\/wp\/v2\/posts\/200493\/revisions"}],"predecessor-version":[{"id":200495,"href":"https:\/\/elluchador.info\/index.php?rest_route=\/wp\/v2\/posts\/200493\/revisions\/200495"}],"wp:featuredmedia":[{"embeddable":true,"href":"https:\/\/elluchador.info\/index.php?rest_route=\/wp\/v2\/media\/200494"}],"wp:attachment":[{"href":"https:\/\/elluchador.info\/index.php?rest_route=%2Fwp%2Fv2%2Fmedia&parent=200493"}],"wp:term":[{"taxonomy":"category","embeddable":true,"href":"https:\/\/elluchador.info\/index.php?rest_route=%2Fwp%2Fv2%2Fcategories&post=200493"},{"taxonomy":"post_tag","embeddable":true,"href":"https:\/\/elluchador.info\/index.php?rest_route=%2Fwp%2Fv2%2Ftags&post=200493"}],"curies":[{"name":"wp","href":"https:\/\/api.w.org\/{rel}","templated":true}]}}