{"id":200790,"date":"2021-10-19T23:36:45","date_gmt":"2021-10-20T03:36:45","guid":{"rendered":"https:\/\/elluchador.info\/web\/?p=200790"},"modified":"2021-10-19T23:36:47","modified_gmt":"2021-10-20T03:36:47","slug":"academia-nacional-de-medicina-pide-vacunacion-ante-los-casos-por-fiebre-amarilla-en-el-pais","status":"publish","type":"post","link":"https:\/\/elluchador.info\/?p=200790","title":{"rendered":"Academia Nacional de Medicina pide vacunaci\u00f3n ante los casos por fiebre amarilla en el pa\u00eds"},"content":{"rendered":"\n<p>La<strong>&nbsp;Academia Nacional de Medicina (ANM)<\/strong>&nbsp;emiti\u00f3 un comunicado en el que exige al Ministerio de Salud la&nbsp;<strong>vacunaci\u00f3n urgente<\/strong>&nbsp;y&nbsp;<strong>publicaci\u00f3n de datos epidemiol\u00f3gicos<\/strong>, ante la aparici\u00f3n de casos por&nbsp;<strong>fiebre amarilla<\/strong>&nbsp;en varios estados del pa\u00eds.<\/p>\n\n\n\n<p>\u201cLa detecci\u00f3n de fiebre amarilla en \u00e1reas end\u00e9micas y no end\u00e9micas es preocupante.&nbsp;<strong>Urge la vacunaci\u00f3n<\/strong>&nbsp;en la poblaci\u00f3n susceptible, la reactivaci\u00f3n de la<strong>&nbsp;vigilancia epidemiol\u00f3gica<\/strong>&nbsp;y la publicaci\u00f3n peri\u00f3dica del&nbsp;<strong>Bolet\u00edn Epidemiol\u00f3gico<\/strong>&nbsp;a fin de orientar al equipo de salud\u201d, indic\u00f3 la Academia en sus redes sociales.<\/p>\n\n\n\n<p>Insisti\u00f3 en su escrito que \u201cla organizaci\u00f3n Panamericana de la Salud (OPS) ratific\u00f3 la detecci\u00f3n de siete casos de fiebre amarilla en humanos en Venezuela, en el estado Monagas, todos sin antecedente vacunal, y 10 casos en primates no humanos en Anzo\u00e1tegui y Monagas. La escasa vigilancia epidemiol\u00f3gica, entomol\u00f3gica y virol\u00f3gica y la baja cobertura vacunal son los factores determinantes en el resurgimiento de casos\u201d.<\/p>\n\n\n\n<p><strong>Monitoreamos.com<\/strong><\/p>\n","protected":false},"excerpt":{"rendered":"<p>La&nbsp;Academia Nacional de Medicina (ANM)&nbsp;emiti\u00f3 un comunicado en el que exige al Ministerio de Salud la&nbsp;vacunaci\u00f3n urgente&nbsp;y&nbsp;publicaci\u00f3n de datos epidemiol\u00f3gicos, ante la aparici\u00f3n de casos por&nbsp;fiebre amarilla&nbsp;en varios estados del pa\u00eds. \u201cLa detecci\u00f3n de fiebre amarilla en \u00e1reas end\u00e9micas y no end\u00e9micas es preocupante.&nbsp;Urge la vacunaci\u00f3n&nbsp;en la poblaci\u00f3n susceptible, la reactivaci\u00f3n de la&nbsp;vigilancia epidemiol\u00f3gica&nbsp;y la [&hellip;]<\/p>\n","protected":false},"author":2,"featured_media":192083,"comment_status":"closed","ping_status":"closed","sticky":false,"template":"","format":"standard","meta":{"footnotes":""},"categories":[5,9],"tags":[],"class_list":{"0":"post-200790","1":"post","2":"type-post","3":"status-publish","4":"format-standard","5":"has-post-thumbnail","7":"category-destacado","8":"category-nacionales"},"_links":{"self":[{"href":"https:\/\/elluchador.info\/index.php?rest_route=\/wp\/v2\/posts\/200790","targetHints":{"allow":["GET"]}}],"collection":[{"href":"https:\/\/elluchador.info\/index.php?rest_route=\/wp\/v2\/posts"}],"about":[{"href":"https:\/\/elluchador.info\/index.php?rest_route=\/wp\/v2\/types\/post"}],"author":[{"embeddable":true,"href":"https:\/\/elluchador.info\/index.php?rest_route=\/wp\/v2\/users\/2"}],"replies":[{"embeddable":true,"href":"https:\/\/elluchador.info\/index.php?rest_route=%2Fwp%2Fv2%2Fcomments&post=200790"}],"version-history":[{"count":1,"href":"https:\/\/elluchador.info\/index.php?rest_route=\/wp\/v2\/posts\/200790\/revisions"}],"predecessor-version":[{"id":200791,"href":"https:\/\/elluchador.info\/index.php?rest_route=\/wp\/v2\/posts\/200790\/revisions\/200791"}],"wp:featuredmedia":[{"embeddable":true,"href":"https:\/\/elluchador.info\/index.php?rest_route=\/wp\/v2\/media\/192083"}],"wp:attachment":[{"href":"https:\/\/elluchador.info\/index.php?rest_route=%2Fwp%2Fv2%2Fmedia&parent=200790"}],"wp:term":[{"taxonomy":"category","embeddable":true,"href":"https:\/\/elluchador.info\/index.php?rest_route=%2Fwp%2Fv2%2Fcategories&post=200790"},{"taxonomy":"post_tag","embeddable":true,"href":"https:\/\/elluchador.info\/index.php?rest_route=%2Fwp%2Fv2%2Ftags&post=200790"}],"curies":[{"name":"wp","href":"https:\/\/api.w.org\/{rel}","templated":true}]}}