{"id":200800,"date":"2021-10-20T00:38:19","date_gmt":"2021-10-20T04:38:19","guid":{"rendered":"https:\/\/elluchador.info\/web\/?p=200800"},"modified":"2021-10-20T00:38:21","modified_gmt":"2021-10-20T04:38:21","slug":"argentina-congela-precios-de-cerca-de-1-500-productos-de-consumo-masivo-para-frenar-la-inflacion","status":"publish","type":"post","link":"https:\/\/elluchador.info\/?p=200800","title":{"rendered":"Argentina congela precios de cerca de 1.500 productos de consumo masivo para frenar la inflaci\u00f3n"},"content":{"rendered":"\n<p>El secretario del Comercio Interior argentino, Roberto Feletti, anunci\u00f3 que el gobierno nacional congelar\u00e1 los precios de cerca de 1.500 productos de consumo masivo por 90 d\u00edas, buscando frenar la inflaci\u00f3n.<\/p>\n\n\n\n<p>En ese sentido, acorde a lo consignado por el diario trasandino&nbsp;<a href=\"https:\/\/www.lanacion.com.ar\/economia\/uno-por-uno-cuales-son-los-1482-productos-que-entraron-en-el-congelamiento-de-precios-nid20102021\/\" target=\"_blank\" rel=\"noreferrer noopener\">La Naci\u00f3n<\/a>, la medida tendr\u00e1 vigencia hasta el pr\u00f3ximo 7 de enero.<\/p>\n\n\n\n<p>La iniciativa fue oficializada a trav\u00e9s de una resoluci\u00f3n, la cual fue publicada en el&nbsp;<a href=\"https:\/\/www.boletinoficial.gob.ar\/detalleAviso\/primera\/251404\/20211020\" target=\"_blank\" rel=\"noreferrer noopener\">Bolet\u00edn Oficial<\/a>.<\/p>\n\n\n\n<p>El funcionario se\u00f1al\u00f3 sobre la medida que \u201cno parece un gran esfuerzo para un n\u00famero de empresas, que ser\u00e1n unas 60, mantener los precios de cerca de 1.500 productos por 90 d\u00edas\u201d.<\/p>\n\n\n\n<p>Feletti, quien adem\u00e1s fue entrevistado en<a href=\"https:\/\/www.youtube.com\/watch?v=adrf9Vqe0Hc\" target=\"_blank\" rel=\"noreferrer noopener\">&nbsp;C5N<\/a>, indic\u00f3 respecto a la medida que \u201cen donde no se cumpla, vamos a exigir que bajen el precio, agregando que \u201cpuse una resoluci\u00f3n arriba de la mesa y estoy dispuesto a cumplirla\u201d.<\/p>\n\n\n\n<p>Sobre las razones para tomar dicha medida, afirm\u00f3 que \u201cuna es porque la canasta b\u00e1sica alimentaria est\u00e1 mordiendo cada vez m\u00e1s porciones del salario\u201d. \u201cSegundo, la aceleraci\u00f3n de precios de septiembre y tercero, la aceleraci\u00f3n de precios en la primera quincena de octubre, donde tuviste aumentos en algunos productos del 10 al 25%. Conservas, higiene personal, aseo, elementos de protecci\u00f3n femenina, caf\u00e9\u201d.<\/p>\n\n\n\n<p>\u201c\u00bfPor qu\u00e9 hay inflaci\u00f3n? Porque hay puja distributiva en la Argentina\u201d, dijo Feletti acorde a lo consignado por La Naci\u00f3n. \u201cMe duele que le estamos pidiendo a 60 empresas no que pierdan plata ni le estamos diciendo que la vamos a estatizar. Estamos pidiendo parar la pelota para luego ver c\u00f3mo seguir\u201d.<\/p>\n\n\n\n<p>Cabe mencionar que la Coordinadora de las Industrias de Productos Alimenticios (Copal) rechaz\u00f3 la medida, indicando que \u201cno est\u00e1n garantizadas las condiciones para conciliar las posibilidades de los sectores frente al pedido de estabilizaci\u00f3n de precios\u201d.<\/p>\n\n\n\n<p><strong>Publimetro<\/strong><\/p>\n","protected":false},"excerpt":{"rendered":"<p>El secretario del Comercio Interior argentino, Roberto Feletti, anunci\u00f3 que el gobierno nacional congelar\u00e1 los precios de cerca de 1.500 productos de consumo masivo por 90 d\u00edas, buscando frenar la inflaci\u00f3n. En ese sentido, acorde a lo consignado por el diario trasandino&nbsp;La Naci\u00f3n, la medida tendr\u00e1 vigencia hasta el pr\u00f3ximo 7 de enero. La iniciativa [&hellip;]<\/p>\n","protected":false},"author":2,"featured_media":200801,"comment_status":"closed","ping_status":"closed","sticky":false,"template":"","format":"standard","meta":{"footnotes":""},"categories":[8],"tags":[],"class_list":{"0":"post-200800","1":"post","2":"type-post","3":"status-publish","4":"format-standard","5":"has-post-thumbnail","7":"category-internacionales"},"_links":{"self":[{"href":"https:\/\/elluchador.info\/index.php?rest_route=\/wp\/v2\/posts\/200800","targetHints":{"allow":["GET"]}}],"collection":[{"href":"https:\/\/elluchador.info\/index.php?rest_route=\/wp\/v2\/posts"}],"about":[{"href":"https:\/\/elluchador.info\/index.php?rest_route=\/wp\/v2\/types\/post"}],"author":[{"embeddable":true,"href":"https:\/\/elluchador.info\/index.php?rest_route=\/wp\/v2\/users\/2"}],"replies":[{"embeddable":true,"href":"https:\/\/elluchador.info\/index.php?rest_route=%2Fwp%2Fv2%2Fcomments&post=200800"}],"version-history":[{"count":1,"href":"https:\/\/elluchador.info\/index.php?rest_route=\/wp\/v2\/posts\/200800\/revisions"}],"predecessor-version":[{"id":200802,"href":"https:\/\/elluchador.info\/index.php?rest_route=\/wp\/v2\/posts\/200800\/revisions\/200802"}],"wp:featuredmedia":[{"embeddable":true,"href":"https:\/\/elluchador.info\/index.php?rest_route=\/wp\/v2\/media\/200801"}],"wp:attachment":[{"href":"https:\/\/elluchador.info\/index.php?rest_route=%2Fwp%2Fv2%2Fmedia&parent=200800"}],"wp:term":[{"taxonomy":"category","embeddable":true,"href":"https:\/\/elluchador.info\/index.php?rest_route=%2Fwp%2Fv2%2Fcategories&post=200800"},{"taxonomy":"post_tag","embeddable":true,"href":"https:\/\/elluchador.info\/index.php?rest_route=%2Fwp%2Fv2%2Ftags&post=200800"}],"curies":[{"name":"wp","href":"https:\/\/api.w.org\/{rel}","templated":true}]}}