{"id":200803,"date":"2021-10-20T00:54:03","date_gmt":"2021-10-20T04:54:03","guid":{"rendered":"https:\/\/elluchador.info\/web\/?p=200803"},"modified":"2021-10-20T00:56:27","modified_gmt":"2021-10-20T04:56:27","slug":"primer-taller-teorico-practico-dominio-de-la-comunicacion-se-realizara-en-ciudad-bolivar","status":"publish","type":"post","link":"https:\/\/elluchador.info\/?p=200803","title":{"rendered":"Primer Taller te\u00f3rico-pr\u00e1ctico Dominio de la Comunicaci\u00f3n se realizar\u00e1 en Ciudad Bol\u00edvar"},"content":{"rendered":"\n<p>Si usted es de las personas que no logra dominar el p\u00e1nico esc\u00e9nico por nada del mundo, le cuesta hablar con propiedad y el miedo y el llanto lo paralizan tan solo con imaginar que le toca hablar en p\u00fablico, entonces el Taller te\u00f3rico-pr\u00e1ctico dominio de la comunicaci\u00f3n, le caer\u00e1 como anillo al dedo.<\/p>\n\n\n\n<p><br>Se trata de un exclusivo taller dise\u00f1ado para quienes deseen de una vez por todas dominar el arte de comunicarse, \u201cporque se trata de hablar bien, manejando matices y controlando las emociones para hacer que el mensaje llegue a la audiencia\u201d, expres\u00f3 la reconocida locutora Ameiluz Embus, quien en alianza con el ing. Francisco Torres, quien cuenta con m\u00e1s de 25 a\u00f1os de experiencia en radio, realizar\u00e1 por primera vez en Ciudad Bol\u00edvar la mencionada capacitaci\u00f3n.<\/p>\n\n\n\n<p><br>El taller se llevar\u00e1 a cabo los d\u00edas 26,27,28 y 29 de octubre,&nbsp; con una duraci\u00f3n de 16 horas acad\u00e9micas y tendr\u00e1 lugar en las instalaciones de Bolivariana 104.3 Fm, ubicadas en la av. Germania.<\/p>\n\n\n\n<p><br>Los estudiantes contar\u00e1n con una plataforma virtual en la que tendr\u00e1n acceso a todo el material pedag\u00f3gico, garantiz\u00e1ndoles en las horas de estudio presencial un 80% de pr\u00e1cticas en las que contar\u00e1n con un estudio de grabaci\u00f3n profesional para fortalecer el aprendizaje.<\/p>\n\n\n\n<p><br>\u201cVemos por ejemplo abogados con miedo esc\u00e9nico; profesores que no logran comunicar con efectividad, por ende, les cuesta ense\u00f1ar; pol\u00edticos con buenas ideas, pero no saben expresarse, etc., y a estudiantes que les da p\u00e1nico una exposici\u00f3n, es por ello que nuestro taller es el aliado de todas las profesiones. Cada participante vivir\u00e1 la experiencia de transformar su manera de comunicarse, porque es fundamental para alcanzar el \u00e9xito en cualquier \u00e1mbito\u201d, afirm\u00f3 Embus.<\/p>\n\n\n\n<p><br>Finalmente, la comunicadora aprovech\u00f3 la oportunidad para invitar a los bolivarenses a participar en este novedoso proyecto cuyo prop\u00f3sito es impulsar el crecimiento profesional de quienes asistan.<\/p>\n\n\n\n<p><br>\u201cLa invitaci\u00f3n est\u00e1 abierta a bachilleres y profesionales que deseen obtener estas herramientas que les permitan el buen desenvolvimiento en p\u00fablico. As\u00ed, les invito a comunicarse ya mismo con nosotros a trav\u00e9s de los tel\u00e9fonos: 0424-9044231\/ 0412-0814148 y reservar su cupo\u201d, concluy\u00f3.<\/p>\n","protected":false},"excerpt":{"rendered":"<p>Si usted es de las personas que no logra dominar el p\u00e1nico esc\u00e9nico por nada del mundo, le cuesta hablar con propiedad y el miedo y el llanto lo paralizan tan solo con imaginar que le toca hablar en p\u00fablico, entonces el Taller te\u00f3rico-pr\u00e1ctico dominio de la comunicaci\u00f3n, le caer\u00e1 como anillo al dedo. Se [&hellip;]<\/p>\n","protected":false},"author":2,"featured_media":200805,"comment_status":"closed","ping_status":"closed","sticky":false,"template":"","format":"standard","meta":{"footnotes":""},"categories":[5,12],"tags":[],"class_list":{"0":"post-200803","1":"post","2":"type-post","3":"status-publish","4":"format-standard","5":"has-post-thumbnail","7":"category-destacado","8":"category-regionales"},"_links":{"self":[{"href":"https:\/\/elluchador.info\/index.php?rest_route=\/wp\/v2\/posts\/200803","targetHints":{"allow":["GET"]}}],"collection":[{"href":"https:\/\/elluchador.info\/index.php?rest_route=\/wp\/v2\/posts"}],"about":[{"href":"https:\/\/elluchador.info\/index.php?rest_route=\/wp\/v2\/types\/post"}],"author":[{"embeddable":true,"href":"https:\/\/elluchador.info\/index.php?rest_route=\/wp\/v2\/users\/2"}],"replies":[{"embeddable":true,"href":"https:\/\/elluchador.info\/index.php?rest_route=%2Fwp%2Fv2%2Fcomments&post=200803"}],"version-history":[{"count":3,"href":"https:\/\/elluchador.info\/index.php?rest_route=\/wp\/v2\/posts\/200803\/revisions"}],"predecessor-version":[{"id":200807,"href":"https:\/\/elluchador.info\/index.php?rest_route=\/wp\/v2\/posts\/200803\/revisions\/200807"}],"wp:featuredmedia":[{"embeddable":true,"href":"https:\/\/elluchador.info\/index.php?rest_route=\/wp\/v2\/media\/200805"}],"wp:attachment":[{"href":"https:\/\/elluchador.info\/index.php?rest_route=%2Fwp%2Fv2%2Fmedia&parent=200803"}],"wp:term":[{"taxonomy":"category","embeddable":true,"href":"https:\/\/elluchador.info\/index.php?rest_route=%2Fwp%2Fv2%2Fcategories&post=200803"},{"taxonomy":"post_tag","embeddable":true,"href":"https:\/\/elluchador.info\/index.php?rest_route=%2Fwp%2Fv2%2Ftags&post=200803"}],"curies":[{"name":"wp","href":"https:\/\/api.w.org\/{rel}","templated":true}]}}