{"id":200811,"date":"2021-10-20T01:14:39","date_gmt":"2021-10-20T05:14:39","guid":{"rendered":"https:\/\/elluchador.info\/web\/?p=200811"},"modified":"2021-10-20T01:14:41","modified_gmt":"2021-10-20T05:14:41","slug":"duque-y-bolsonaro-anuncian-que-tendran-posicion-conjunta-sobre-amazonia","status":"publish","type":"post","link":"https:\/\/elluchador.info\/?p=200811","title":{"rendered":"Duque y Bolsonaro anuncian que tendr\u00e1n posici\u00f3n conjunta sobre Amazonia"},"content":{"rendered":"\n<p>Los presidentes de Brasil, Jair Bolsonaro, y de Colombia, Iv\u00e1n Duque, anunciaron ayer martes que tendr\u00e1n una posici\u00f3n conjunta sobre las pol\u00edticas ambientales de la selva amaz\u00f3nica en la Conferencia de las Naciones Unidas sobre el Cambio Clim\u00e1tico (COP26), que tendr\u00e1 lugar en la ciudad de Glasgow, Escocia.<\/p>\n\n\n\n<p>\u00abCon toda seguridad llegaremos unidos a Glasgow para tratar un asunto muy importante y cercano a todos nosotros: nuestra querida, rica y deseada Amazonia\u00bb, afirm\u00f3 Bolsonaro en una declaraci\u00f3n conjunta con Duque en el Palacio del Planalto, la sede del gobierno brasile\u00f1o.<\/p>\n\n\n\n<p>Duque se encuentra de visita en Brasil y junto a Bolsonaro este martes repas\u00f3 la agenda bilateral, con foco en la relaci\u00f3n econ\u00f3mica y en la cuesti\u00f3n ambiental de cara a la reuni\u00f3n de Glasgow que dar\u00e1 inicio el pr\u00f3ximo 31 de octubre.<\/p>\n\n\n\n<p>A su turno, el presidente colombiano destac\u00f3 que las relaciones bilaterales con Brasil se encuentran \u00aben el punto m\u00e1s alto\u00bb, y resalt\u00f3 que la Amazonia es cuidada dentro de su soberan\u00eda, por lo que es importante \u00abque esta defensa traiga consigo una lucha eficaz contra los delitos ambientales\u00bb.<\/p>\n\n\n\n<p>\u00abCompartimos que los pa\u00edses amaz\u00f3nicos lleguen a Glasgow para reconocer que este territorio conserv\u00e1ndolo puede llegar a ahorrar 2.000 millones de toneladas de gases (de efecto invernadero) al a\u00f1o. Queremos trabajar por la neutralidad de las emisiones de carbono y protecci\u00f3n de los bosques\u00bb, subray\u00f3.<\/p>\n\n\n\n<p>Durante la reuni\u00f3n, ambos mandatarios firmaron acuerdos y memorandos de entendimiento en las \u00e1reas de servicios a\u00e9reos, agricultura, ciencia y tecnolog\u00eda, medio ambiente y alcantarillado, seguridad y cooperaci\u00f3n fronteriza, comercio e inversiones.<\/p>\n\n\n\n<p>Seg\u00fan la canciller\u00eda brasile\u00f1a, Colombia, con quien Brasil comparte 1.644 kil\u00f3metros de frontera en la selva amaz\u00f3nica, es uno de sus principales socios comerciales en Am\u00e9rica Latina, con un volumen de comercio bilateral de 3.600 millones de d\u00f3lares en el a\u00f1o 2020.<\/p>\n\n\n\n<p>Resalt\u00f3 adem\u00e1s que el intercambio comercial bilateral durante los primeros ocho meses de 2021 aument\u00f3 un 50 por ciento interanual.<\/p>\n\n\n\n<p><strong>Xinhua<\/strong><\/p>\n","protected":false},"excerpt":{"rendered":"<p>Los presidentes de Brasil, Jair Bolsonaro, y de Colombia, Iv\u00e1n Duque, anunciaron ayer martes que tendr\u00e1n una posici\u00f3n conjunta sobre las pol\u00edticas ambientales de la selva amaz\u00f3nica en la Conferencia de las Naciones Unidas sobre el Cambio Clim\u00e1tico (COP26), que tendr\u00e1 lugar en la ciudad de Glasgow, Escocia. \u00abCon toda seguridad llegaremos unidos a Glasgow [&hellip;]<\/p>\n","protected":false},"author":2,"featured_media":200812,"comment_status":"closed","ping_status":"closed","sticky":false,"template":"","format":"standard","meta":{"footnotes":""},"categories":[8],"tags":[],"class_list":{"0":"post-200811","1":"post","2":"type-post","3":"status-publish","4":"format-standard","5":"has-post-thumbnail","7":"category-internacionales"},"_links":{"self":[{"href":"https:\/\/elluchador.info\/index.php?rest_route=\/wp\/v2\/posts\/200811","targetHints":{"allow":["GET"]}}],"collection":[{"href":"https:\/\/elluchador.info\/index.php?rest_route=\/wp\/v2\/posts"}],"about":[{"href":"https:\/\/elluchador.info\/index.php?rest_route=\/wp\/v2\/types\/post"}],"author":[{"embeddable":true,"href":"https:\/\/elluchador.info\/index.php?rest_route=\/wp\/v2\/users\/2"}],"replies":[{"embeddable":true,"href":"https:\/\/elluchador.info\/index.php?rest_route=%2Fwp%2Fv2%2Fcomments&post=200811"}],"version-history":[{"count":1,"href":"https:\/\/elluchador.info\/index.php?rest_route=\/wp\/v2\/posts\/200811\/revisions"}],"predecessor-version":[{"id":200813,"href":"https:\/\/elluchador.info\/index.php?rest_route=\/wp\/v2\/posts\/200811\/revisions\/200813"}],"wp:featuredmedia":[{"embeddable":true,"href":"https:\/\/elluchador.info\/index.php?rest_route=\/wp\/v2\/media\/200812"}],"wp:attachment":[{"href":"https:\/\/elluchador.info\/index.php?rest_route=%2Fwp%2Fv2%2Fmedia&parent=200811"}],"wp:term":[{"taxonomy":"category","embeddable":true,"href":"https:\/\/elluchador.info\/index.php?rest_route=%2Fwp%2Fv2%2Fcategories&post=200811"},{"taxonomy":"post_tag","embeddable":true,"href":"https:\/\/elluchador.info\/index.php?rest_route=%2Fwp%2Fv2%2Ftags&post=200811"}],"curies":[{"name":"wp","href":"https:\/\/api.w.org\/{rel}","templated":true}]}}