{"id":200820,"date":"2021-10-20T08:38:41","date_gmt":"2021-10-20T12:38:41","guid":{"rendered":"https:\/\/elluchador.info\/web\/?p=200820"},"modified":"2021-10-20T08:38:43","modified_gmt":"2021-10-20T12:38:43","slug":"softbolistas-guerreros-juveniles-de-ciudad-bolivar-lograron-pase-seguro-a-jdn","status":"publish","type":"post","link":"https:\/\/elluchador.info\/?p=200820","title":{"rendered":"Softbolistas Guerreros Juveniles de Ciudad Bol\u00edvar, lograron pase seguro a JDN"},"content":{"rendered":"\n<p>Los atletas del Softbol bolivarense clasificaron victoriosos en Portuguesa.\u00a0<\/p>\n\n\n\n<p>Ten\u00edan cinco a\u00f1os ac\u00e9falos, sin viajar ni participar en estas competencias, pero obtener el objetivo era su meta y la alcanzaron. Despu\u00e9s dar el\u00a0 todo por el todo, como equipo deportivo en la categor\u00eda de Softbol juvenil, la representaci\u00f3n del estado Bol\u00edvar particip\u00f3 en\u00a0el Campeonato Nacional de Softbol Masculino de m\u00e1xima categor\u00eda, celebrado en Tur\u00e9n, estado Portuguesa y all\u00ed resultaron victoriosos entrando\u00a0en la clasificaci\u00f3n segura para los Juegos Deportivos Nacionales.<\/p>\n\n\n\n<p><br>La grata informaci\u00f3n fue dada a conocer por el Delegado jefe, profesor Armando Y\u00e9pez,\u00a0 quien es el presidente de la Asociaci\u00f3n de Softbol Federado del estado Bol\u00edvar (ASOFEB).<\/p>\n\n\n\n<p> Y\u00e9pez explic\u00f3 el juego extraordinario que mantuvo el cuadrante juvenil bolivarense, que lo llev\u00f3 a clasificar para estos juegos\u00a0 deportivos nacionales. <\/p>\n\n\n\n<p>La sorpresa es que el estado Bol\u00edvar no estaba incluido para participar en esta competencia nacional, a la que ten\u00edan previsto no ir, por no contar con los recursos suficientes para llevar esta representaci\u00f3n, pero pudo m\u00e1s el esp\u00edritu positivo y el optimismo. Lo cierto es que los muchachos bolivarenses dejaron a muchos sorprendidos con la manera de desarrollar el juego en el campo deportivo.\u00a0<\/p>\n\n\n\n<p><br>\u00abDe las 14 selecciones de toda Venezuela, la delegaci\u00f3n de Bol\u00edvar es la m\u00e1s joven, con un maravilloso e impresionante promedio de 20 a 21 a\u00f1os de edad,\u00a0 y es importante destacar que en este campeonato participan las m\u00e1s grandes estrellas venezolanas del Softbol venezolano, incluyendo estrellas de talla mundial, panamericana, suramericana; sin embargo \u00abnuestra modestisima selecci\u00f3n U23, con menos experiencia en \u00e9ste tipo de eventos, y quienes estuvieron ac\u00e9falos por m\u00e1s de 5 a\u00f1os, hoy han logrado una gran victoria, lo que otros estados en mucho tiempo no han podido hacer\u00bb, dijo Y\u00e9pez.\u00a0<\/p>\n\n\n\n<p><br>\u00a0\u00abSer\u00eda injusto no mencionar\u00a0 los\u00a0 eventuales aportes de algunos microempresarios, que de una u otra manera solventaron la deficiencia de recursos con la valiosa colaboraci\u00f3n de quienes siempre ha estado apoyando el deporte del Softbol; tambi\u00e9n el candidato \u00c1ngel Marcano, aport\u00f3 una unidad de transporte (Transbolivar), parte de los alimentos (alimentos Bol\u00edvar),\u00a0 y la otra parte del gran peso log\u00edstico la asumi\u00f3 en calidad de apoyo el empresario Salvador S\u00e1nchez, con los alimentos prote\u00edcos, uniformes, gorras, material deportivo, medicina y gasoil\u00bb.<\/p>\n\n\n\n<p><br>\u00abComo delegado jefe estoy muy emocionado con nuestros Guerreros Juveniles, para nadie es un secreto las penurias de las pr\u00e1cticas que tuvieron los entrenadores sobre todo en espacios deportivos y los tiempos para ello. <\/p>\n\n\n\n<p>Para el futuro inmediato debemos afincarnos en la preparaci\u00f3n met\u00f3dica con estos Guerreros Juveniles y otros que se incorporar\u00e1n para la venidera batalla, la cual se juega en diciembre para los JDN, donde all\u00ed se ver\u00e1n las caras con chicos contempor\u00e1neos de su edad. Es\u00a0 importante mencionar, que tambi\u00e9n contamos con el apoyo y acompa\u00f1amiento de su m\u00e1nager Ronard Rom\u00e1n, su coach Jes\u00fas Soto y la sub delegada Daniela Villasana\u00bb.<\/p>\n\n\n\n<p>Evidentemente necesitamos\u00a0 suficiente tiempo y espacio deportivo en el estadio Tom\u00e1s Diamont de nuestra ciudad, Meca y Alma mater del Softbol en el estado Bol\u00edvar, donde \u00faltimamente recibimos el apoyo del gran amigo Larry P\u00e9rez, quien apenas acaba de recibir el tim\u00f3n de la direcci\u00f3n de IDEBOL, y estoy plenamente seguro, que aportar\u00e1 junto a su gran equipo que lo acompa\u00f1a, todo el empe\u00f1o para lograr el objetivo y seguir incentivando el deporte\u00bb,\u00a0 manifest\u00f3 Y\u00e9pez .\u00a0<\/p>\n\n\n\n<p><br>\u00a0\u00abFinalmente aprovecho para agradecer a este gran equipo de muchachones selecci\u00f3n juvenil de Softbol, quienes con tan poco han logrado tanto. Nunca dud\u00e9 de sus aptitudes, fuimos por una ilusi\u00f3n y nos vinimos con una meta cumplida\u00bb enfatiz\u00f3 el presidente de ASOFEB.<\/p>\n\n\n\n<p>Yanitza Mart\u00ednez CNP 19.403<\/p>\n","protected":false},"excerpt":{"rendered":"<p>Los atletas del Softbol bolivarense clasificaron victoriosos en Portuguesa.\u00a0 Ten\u00edan cinco a\u00f1os ac\u00e9falos, sin viajar ni participar en estas competencias, pero obtener el objetivo era su meta y la alcanzaron. Despu\u00e9s dar el\u00a0 todo por el todo, como equipo deportivo en la categor\u00eda de Softbol juvenil, la representaci\u00f3n del estado Bol\u00edvar particip\u00f3 en\u00a0el Campeonato Nacional [&hellip;]<\/p>\n","protected":false},"author":2,"featured_media":200821,"comment_status":"closed","ping_status":"closed","sticky":false,"template":"","format":"standard","meta":{"footnotes":""},"categories":[4,5],"tags":[],"class_list":{"0":"post-200820","1":"post","2":"type-post","3":"status-publish","4":"format-standard","5":"has-post-thumbnail","7":"category-deportes","8":"category-destacado"},"_links":{"self":[{"href":"https:\/\/elluchador.info\/index.php?rest_route=\/wp\/v2\/posts\/200820","targetHints":{"allow":["GET"]}}],"collection":[{"href":"https:\/\/elluchador.info\/index.php?rest_route=\/wp\/v2\/posts"}],"about":[{"href":"https:\/\/elluchador.info\/index.php?rest_route=\/wp\/v2\/types\/post"}],"author":[{"embeddable":true,"href":"https:\/\/elluchador.info\/index.php?rest_route=\/wp\/v2\/users\/2"}],"replies":[{"embeddable":true,"href":"https:\/\/elluchador.info\/index.php?rest_route=%2Fwp%2Fv2%2Fcomments&post=200820"}],"version-history":[{"count":1,"href":"https:\/\/elluchador.info\/index.php?rest_route=\/wp\/v2\/posts\/200820\/revisions"}],"predecessor-version":[{"id":200822,"href":"https:\/\/elluchador.info\/index.php?rest_route=\/wp\/v2\/posts\/200820\/revisions\/200822"}],"wp:featuredmedia":[{"embeddable":true,"href":"https:\/\/elluchador.info\/index.php?rest_route=\/wp\/v2\/media\/200821"}],"wp:attachment":[{"href":"https:\/\/elluchador.info\/index.php?rest_route=%2Fwp%2Fv2%2Fmedia&parent=200820"}],"wp:term":[{"taxonomy":"category","embeddable":true,"href":"https:\/\/elluchador.info\/index.php?rest_route=%2Fwp%2Fv2%2Fcategories&post=200820"},{"taxonomy":"post_tag","embeddable":true,"href":"https:\/\/elluchador.info\/index.php?rest_route=%2Fwp%2Fv2%2Ftags&post=200820"}],"curies":[{"name":"wp","href":"https:\/\/api.w.org\/{rel}","templated":true}]}}