{"id":200829,"date":"2021-10-20T08:49:35","date_gmt":"2021-10-20T12:49:35","guid":{"rendered":"https:\/\/elluchador.info\/web\/?p=200829"},"modified":"2021-10-20T08:49:36","modified_gmt":"2021-10-20T12:49:36","slug":"el-gobierno-decreto-la-exoneracion-del-iva-a-las-ventas-de-utiles-y-uniformes-escolares","status":"publish","type":"post","link":"https:\/\/elluchador.info\/?p=200829","title":{"rendered":"El gobierno decret\u00f3 la exoneraci\u00f3n del IVA a las ventas de \u00fatiles y uniformes escolares"},"content":{"rendered":"\n<p>La medida est\u00e1 sujeta a la evaluaci\u00f3n peri\u00f3dica sobre el cumplimiento de los fines de la exoneraci\u00f3n prevista en el art\u00edculo 66 del Decreto de la extinta Asamblea Nacional Constituyente que reform\u00f3 la Ley Org\u00e1nica del Impuesto al Valor Agregado (IVA)<\/p>\n\n\n\n<p>El gobierno decret\u00f3 la exoneraci\u00f3n del Impuesto al Valor Agregado (IVA) a la adquisici\u00f3n de 27 bienes de uso escolar, que incluyen uniformes, calzado, morrales y los \u00fatiles m\u00e1s utilizados por los estudiantes.<\/p>\n\n\n\n<p>Esta exoneraci\u00f3n est\u00e1 incluida en el Decreto N\u00b0 4.600 publicado en la Gaceta Oficial N\u00b0 42.231, fechada el 11 de octubre pasado.<\/p>\n\n\n\n<p>Para hacer v\u00e1lida esta exoneraci\u00f3n, los proveedores deben haber cumplido las obligaciones tributarias nacionales y, adem\u00e1s, los vendedores deber\u00e1n indicar en la factura de compra que se trata de una \u00aboperaci\u00f3n exonerada\u00bb, de acuerdo con el art\u00edculo 2.<\/p>\n\n\n\n<p>De la misma forma, el art\u00edculo 6 de este instrumento normativo establece la exoneraci\u00f3n del Impuesto sobre la Renta (ISLR) a las empresas que comercialicen los insumos escolares exonerados del IVA dentro del Plan de Atenci\u00f3n Escolar para el per\u00edodo 2021-2022.<\/p>\n\n\n\n<p>Banca y Negocios<\/p>\n","protected":false},"excerpt":{"rendered":"<p>La medida est\u00e1 sujeta a la evaluaci\u00f3n peri\u00f3dica sobre el cumplimiento de los fines de la exoneraci\u00f3n prevista en el art\u00edculo 66 del Decreto de la extinta Asamblea Nacional Constituyente que reform\u00f3 la Ley Org\u00e1nica del Impuesto al Valor Agregado (IVA) El gobierno decret\u00f3 la exoneraci\u00f3n del Impuesto al Valor Agregado (IVA) a la adquisici\u00f3n [&hellip;]<\/p>\n","protected":false},"author":2,"featured_media":200830,"comment_status":"closed","ping_status":"closed","sticky":false,"template":"","format":"standard","meta":{"footnotes":""},"categories":[5,6],"tags":[],"class_list":{"0":"post-200829","1":"post","2":"type-post","3":"status-publish","4":"format-standard","5":"has-post-thumbnail","7":"category-destacado","8":"category-economia"},"_links":{"self":[{"href":"https:\/\/elluchador.info\/index.php?rest_route=\/wp\/v2\/posts\/200829","targetHints":{"allow":["GET"]}}],"collection":[{"href":"https:\/\/elluchador.info\/index.php?rest_route=\/wp\/v2\/posts"}],"about":[{"href":"https:\/\/elluchador.info\/index.php?rest_route=\/wp\/v2\/types\/post"}],"author":[{"embeddable":true,"href":"https:\/\/elluchador.info\/index.php?rest_route=\/wp\/v2\/users\/2"}],"replies":[{"embeddable":true,"href":"https:\/\/elluchador.info\/index.php?rest_route=%2Fwp%2Fv2%2Fcomments&post=200829"}],"version-history":[{"count":1,"href":"https:\/\/elluchador.info\/index.php?rest_route=\/wp\/v2\/posts\/200829\/revisions"}],"predecessor-version":[{"id":200831,"href":"https:\/\/elluchador.info\/index.php?rest_route=\/wp\/v2\/posts\/200829\/revisions\/200831"}],"wp:featuredmedia":[{"embeddable":true,"href":"https:\/\/elluchador.info\/index.php?rest_route=\/wp\/v2\/media\/200830"}],"wp:attachment":[{"href":"https:\/\/elluchador.info\/index.php?rest_route=%2Fwp%2Fv2%2Fmedia&parent=200829"}],"wp:term":[{"taxonomy":"category","embeddable":true,"href":"https:\/\/elluchador.info\/index.php?rest_route=%2Fwp%2Fv2%2Fcategories&post=200829"},{"taxonomy":"post_tag","embeddable":true,"href":"https:\/\/elluchador.info\/index.php?rest_route=%2Fwp%2Fv2%2Ftags&post=200829"}],"curies":[{"name":"wp","href":"https:\/\/api.w.org\/{rel}","templated":true}]}}