{"id":200837,"date":"2021-10-20T09:02:59","date_gmt":"2021-10-20T13:02:59","guid":{"rendered":"https:\/\/elluchador.info\/web\/?p=200837"},"modified":"2021-10-20T09:03:00","modified_gmt":"2021-10-20T13:03:00","slug":"saime-trabajara-toda-la-flexibilizacion-ampliada-por-numero-de-cedula","status":"publish","type":"post","link":"https:\/\/elluchador.info\/?p=200837","title":{"rendered":"Saime trabajar\u00e1 toda la flexibilizaci\u00f3n ampliada por n\u00famero de c\u00e9dula"},"content":{"rendered":"\n<p>El director del Saime, Gustavo Vizca\u00edno, inform\u00f3 que las oficinas del Saime trabajar\u00e1n por el n\u00famero de c\u00e9dula durante las semanas de flexibilizaci\u00f3n anunciadas por el gobierno nacional a partir del 01 de noviembre y hasta fin de a\u00f1o.<\/p>\n\n\n\n<p>\u00bbTodas las semanas vamos a trabajar y con el n\u00famero de c\u00e9dula\u00bb, respondi\u00f3 al ser consultado por\u00a0Esther Quiaro en el programa Al Instante de Uni\u00f3n Radio, donde aprovech\u00f3 para recordar que se seguir\u00e1n extremando las medidas de bioseguridad para evitar contagios de covid-19.<\/p>\n\n\n\n<figure class=\"wp-block-embed is-type-rich is-provider-twitter wp-block-embed-twitter\"><div class=\"wp-block-embed__wrapper\">\n<blockquote class=\"twitter-tweet\" data-width=\"550\" data-dnt=\"true\"><p lang=\"es\" dir=\"ltr\">\ud83d\udd34 <a href=\"https:\/\/twitter.com\/hashtag\/AHORA?src=hash&amp;ref_src=twsrc%5Etfw\">#AHORA<\/a> Director del Saime, Gustavo Vizca\u00edno: &#39;&#39;Todas las semanas vamos a trabajar y con el n\u00famero de c\u00e9dula&#39;&#39;, respondi\u00f3 al ser consultado por Esther Quiaro en Uni\u00f3n Radio sobre la flexibilizaci\u00f3n que iniciar\u00e1 el 01 de noviembre y finalizar\u00e1 el 31 de diciembre. <a href=\"https:\/\/t.co\/hj0uZpkTbm\">pic.twitter.com\/hj0uZpkTbm<\/a><\/p>&mdash; Uni\u00f3n Radio (@Unionradionet) <a href=\"https:\/\/twitter.com\/Unionradionet\/status\/1450841173740990464?ref_src=twsrc%5Etfw\">October 20, 2021<\/a><\/blockquote><script async src=\"https:\/\/platform.twitter.com\/widgets.js\" charset=\"utf-8\"><\/script>\n<\/div><\/figure>\n\n\n\n<p>Inform\u00f3 que se han entregado 849 mil citas para pasaporte a nivel nacional e internacional durante la pandemia, y asegur\u00f3 que hay material suficiente para entregar las c\u00e9dulas de identidad, as\u00ed como pasaportes y sus respectivas pr\u00f3rrogas.<\/p>\n\n\n\n<p>Adelant\u00f3 que realizan trabajos para que tambi\u00e9n la libreta de pasaporte pueda ser enviada con el sistema de servicio a domicilio en el exterior.<\/p>\n\n\n\n<p><strong>Denunciar gestores<\/strong><\/p>\n\n\n\n<p>Vizca\u00edno hizo un llamado a las personas para que no utilicen a gestores \u00bbque buscan estafar a los ciudadanos\u00bb.<\/p>\n\n\n\n<p>Respald\u00f3 las acciones llevadas a cabo por la Fiscal\u00eda para desmantelar bandas de estafadores con documentos del Saime. \u00bbQuien trafica y hace manipulaciones de documentos de identidad debe castigarse con todo el peso de la ley\u2019 (\u2026) Donde haya gestores externos le hago un llamado al pueblo para que los denuncie\u00bb.<\/p>\n\n\n\n<p>Destac\u00f3 que recientemente abrieron una oficina especial de atenci\u00f3n a los extranjeros en Coche, para que puedan solicitar su visa de transe\u00fante, pr\u00f3rrogas y visados. Record\u00f3 que el extranjero puede hacer vida normal y operaciones bancarias con su documento vencido como medida excepcional en pandemia.<\/p>\n\n\n\n<p>Explic\u00f3 que luego de algunos inconvenientes surgidos ya se est\u00e1n imprimiendo todos los pasaportes de Trujillo y esta misma semana y la pr\u00f3xima se estar\u00edan remitiendo hasta ese estado.<\/p>\n\n\n\n<p>Asegur\u00f3 que se env\u00edan valijas mensualmente con los pasaportes a distintos pa\u00edses del continente, \u00bbya est\u00e1 lista la valija, y esperamos que Conviasa las lleve a Guayaquil y Quito\u00bb.<\/p>\n\n\n\n<p>Uni\u00f3n Radio <\/p>\n","protected":false},"excerpt":{"rendered":"<p>El director del Saime, Gustavo Vizca\u00edno, inform\u00f3 que las oficinas del Saime trabajar\u00e1n por el n\u00famero de c\u00e9dula durante las semanas de flexibilizaci\u00f3n anunciadas por el gobierno nacional a partir del 01 de noviembre y hasta fin de a\u00f1o. \u00bbTodas las semanas vamos a trabajar y con el n\u00famero de c\u00e9dula\u00bb, respondi\u00f3 al ser consultado [&hellip;]<\/p>\n","protected":false},"author":2,"featured_media":0,"comment_status":"closed","ping_status":"closed","sticky":false,"template":"","format":"standard","meta":{"footnotes":""},"categories":[5,9],"tags":[],"class_list":{"0":"post-200837","1":"post","2":"type-post","3":"status-publish","4":"format-standard","6":"category-destacado","7":"category-nacionales"},"_links":{"self":[{"href":"https:\/\/elluchador.info\/index.php?rest_route=\/wp\/v2\/posts\/200837","targetHints":{"allow":["GET"]}}],"collection":[{"href":"https:\/\/elluchador.info\/index.php?rest_route=\/wp\/v2\/posts"}],"about":[{"href":"https:\/\/elluchador.info\/index.php?rest_route=\/wp\/v2\/types\/post"}],"author":[{"embeddable":true,"href":"https:\/\/elluchador.info\/index.php?rest_route=\/wp\/v2\/users\/2"}],"replies":[{"embeddable":true,"href":"https:\/\/elluchador.info\/index.php?rest_route=%2Fwp%2Fv2%2Fcomments&post=200837"}],"version-history":[{"count":1,"href":"https:\/\/elluchador.info\/index.php?rest_route=\/wp\/v2\/posts\/200837\/revisions"}],"predecessor-version":[{"id":200838,"href":"https:\/\/elluchador.info\/index.php?rest_route=\/wp\/v2\/posts\/200837\/revisions\/200838"}],"wp:attachment":[{"href":"https:\/\/elluchador.info\/index.php?rest_route=%2Fwp%2Fv2%2Fmedia&parent=200837"}],"wp:term":[{"taxonomy":"category","embeddable":true,"href":"https:\/\/elluchador.info\/index.php?rest_route=%2Fwp%2Fv2%2Fcategories&post=200837"},{"taxonomy":"post_tag","embeddable":true,"href":"https:\/\/elluchador.info\/index.php?rest_route=%2Fwp%2Fv2%2Ftags&post=200837"}],"curies":[{"name":"wp","href":"https:\/\/api.w.org\/{rel}","templated":true}]}}