{"id":200854,"date":"2021-10-20T14:02:30","date_gmt":"2021-10-20T18:02:30","guid":{"rendered":"https:\/\/elluchador.info\/web\/?p=200854"},"modified":"2021-10-20T14:02:31","modified_gmt":"2021-10-20T18:02:31","slug":"duque-no-vamos-a-claudicar-en-los-valores-en-los-que-creemos","status":"publish","type":"post","link":"https:\/\/elluchador.info\/?p=200854","title":{"rendered":"Duque: No vamos a claudicar en los valores en los que creemos"},"content":{"rendered":"\n<p><a href=\"whatsapp:\/\/send?text=%C2%ABNo+voy+a+reconocer+a+una+dictadura+corrupta+y+narcotraficante%C2%BB%3A+la+posici%C3%B3n+de+Iv%C3%A1n+Duque+ante+propuesta+de+retomar+relaciones+diplom%C3%A1ticas+con+Venezuela%20%0A%0A%20https:\/\/www.elnacional.com\/venezuela\/politica\/no-voy-a-reconocer-a-una-dictadura-corrupta-y-narcotraficante-la-posicion-de-ivan-duque-ante-propuesta-de-retomar-relaciones-diplomaticas-con-venezuela\/\"><\/a>Iv\u00e1n Duque,\u00a0presidente de Colombia, se refiri\u00f3 a la\u00a0decisi\u00f3n del Senado\u00a0de esa naci\u00f3n de proponer a la Asamblea Nacional de Venezuela electa en 2020 que se establezca una comisi\u00f3n binacional para abordar el posible restablecimiento de las relaciones diplom\u00e1ticas.<\/p>\n\n\n\n<p>Al respecto, Duque ratific\u00f3 que est\u00e1 a favor de la reapertura de la frontera y las medidas que faciliten la situaci\u00f3n de los venezolanos. Pero aclar\u00f3 enf\u00e1ticamente que eso no significa que reconozca al gobierno de Nicol\u00e1s Maduro.<\/p>\n\n\n\n<p>\u00abNosotros hemos dicho que con todo el rigor facilitaremos, como lo hemos venido haciendo, que el pueblo venezolano tenga acceso ante las carencias que hay en Venezuela. Pero una cosa en la que no nos podemos equivocar es que lo que Colombia no va a hacer es reconocer a una dictadura oprobiosa, corrupta, narcotraficante. Colombia ha reconocido, como tambi\u00e9n lo ha hecho Estados Unidos y m\u00e1s de 50 pa\u00edses, a un gobierno interino que representa la resistencia democr\u00e1tica; que se enfrenta a la brutalidad de ese r\u00e9gimen. <\/p>\n\n\n\n<p>Y por eso nosotros no vamos a claudicar en la defensa de la Carta Democr\u00e1tica ni en los valores en los que creemos\u00bb. As\u00ed lo expres\u00f3 el mandatario colombiano durante una conferencia conjunta con el secretario de Estado estadounidense, Antony Blinken.<\/p>\n\n\n\n<p>Duque record\u00f3 que apoya la denuncia contra el madurismo ante la Corte Penal Internacional. Y destac\u00f3 que mientras \u00e9l permanezca en frente a la Presidencia de Colombia, el chavismo no debe esperar reconocimiento-<\/p>\n\n\n\n<p>\u201cMientras yo sea presidente de Colombia, y en defensa de la Carta Democr\u00e1tica y de los valores que hemos construido con muchos pa\u00edses y adem\u00e1s soportado por una denuncia contra el dictador en la Corte Penal Internacional, no vamos a reconocerlo. Reconocerlo ser\u00eda una claudicaci\u00f3n de los valores que ha defendido nuestro pa\u00eds\u00bb, expres\u00f3.<\/p>\n\n\n\n<p>A\u00f1adi\u00f3 que, adem\u00e1s de ir en contra de los valores que defiende, reconocer a Maduro involucrar\u00eda una falta de consideraci\u00f3n con los venezolanos.<\/p>\n\n\n\n<p>El Nacional <\/p>\n","protected":false},"excerpt":{"rendered":"<p>Iv\u00e1n Duque,\u00a0presidente de Colombia, se refiri\u00f3 a la\u00a0decisi\u00f3n del Senado\u00a0de esa naci\u00f3n de proponer a la Asamblea Nacional de Venezuela electa en 2020 que se establezca una comisi\u00f3n binacional para abordar el posible restablecimiento de las relaciones diplom\u00e1ticas. Al respecto, Duque ratific\u00f3 que est\u00e1 a favor de la reapertura de la frontera y las medidas [&hellip;]<\/p>\n","protected":false},"author":2,"featured_media":200855,"comment_status":"closed","ping_status":"closed","sticky":false,"template":"","format":"standard","meta":{"footnotes":""},"categories":[5,8],"tags":[],"class_list":{"0":"post-200854","1":"post","2":"type-post","3":"status-publish","4":"format-standard","5":"has-post-thumbnail","7":"category-destacado","8":"category-internacionales"},"_links":{"self":[{"href":"https:\/\/elluchador.info\/index.php?rest_route=\/wp\/v2\/posts\/200854","targetHints":{"allow":["GET"]}}],"collection":[{"href":"https:\/\/elluchador.info\/index.php?rest_route=\/wp\/v2\/posts"}],"about":[{"href":"https:\/\/elluchador.info\/index.php?rest_route=\/wp\/v2\/types\/post"}],"author":[{"embeddable":true,"href":"https:\/\/elluchador.info\/index.php?rest_route=\/wp\/v2\/users\/2"}],"replies":[{"embeddable":true,"href":"https:\/\/elluchador.info\/index.php?rest_route=%2Fwp%2Fv2%2Fcomments&post=200854"}],"version-history":[{"count":1,"href":"https:\/\/elluchador.info\/index.php?rest_route=\/wp\/v2\/posts\/200854\/revisions"}],"predecessor-version":[{"id":200856,"href":"https:\/\/elluchador.info\/index.php?rest_route=\/wp\/v2\/posts\/200854\/revisions\/200856"}],"wp:featuredmedia":[{"embeddable":true,"href":"https:\/\/elluchador.info\/index.php?rest_route=\/wp\/v2\/media\/200855"}],"wp:attachment":[{"href":"https:\/\/elluchador.info\/index.php?rest_route=%2Fwp%2Fv2%2Fmedia&parent=200854"}],"wp:term":[{"taxonomy":"category","embeddable":true,"href":"https:\/\/elluchador.info\/index.php?rest_route=%2Fwp%2Fv2%2Fcategories&post=200854"},{"taxonomy":"post_tag","embeddable":true,"href":"https:\/\/elluchador.info\/index.php?rest_route=%2Fwp%2Fv2%2Ftags&post=200854"}],"curies":[{"name":"wp","href":"https:\/\/api.w.org\/{rel}","templated":true}]}}