{"id":200859,"date":"2021-10-20T14:16:12","date_gmt":"2021-10-20T18:16:12","guid":{"rendered":"https:\/\/elluchador.info\/web\/?p=200859"},"modified":"2021-10-20T14:16:14","modified_gmt":"2021-10-20T18:16:14","slug":"maduro-aplaudimos-la-iniciativa-de-colombia-de-crear-comision-bilateral","status":"publish","type":"post","link":"https:\/\/elluchador.info\/?p=200859","title":{"rendered":"Maduro: Aplaudimos la iniciativa de Colombia de crear comisi\u00f3n bilateral"},"content":{"rendered":"\n<p>\u00abDesde esta monta\u00f1a le damos un aplauso a esta iniciativa tomada por el Poder Legislativo de Colombia\u00bb, asegur\u00f3 el oficialista acerca de la propuesta que el presidente del Senado, Juan Diego G\u00f3mez, le transmiti\u00f3 al jefe de la Asamblea Nacional electa en 2020, Jorge Rodr\u00edguez.<\/p>\n\n\n\n<p>Nicol\u00e1s Maduro\u00a0mostr\u00f3\u00a0este mi\u00e9rcoles su respaldo a la propuesta del Senado colombiano, aprobada por unanimidad, para crear una comisi\u00f3n bilateral y trabajar en la normalizaci\u00f3n de relaciones diplom\u00e1ticas entre ambos pa\u00edses, rotas desde 2019.<\/p>\n\n\n\n<p>Colombia fue uno de los primeros pa\u00edses en reconocer, en enero de 2019, a Juan Guaid\u00f3 como presidente interino de la Rep\u00fablica, al desconocer a Maduro y, posteriormente, el gobierno de la naci\u00f3n andina orden\u00f3 el regreso de todos los funcionarios consulares en Venezuela, luego de que el funcionario chavista rompiera \u00abtodo tipo de relaciones\u00bb.<\/p>\n\n\n\n<p>Frente a esta situaci\u00f3n, Maduro pidi\u00f3 resolver los problemas entre los dos pa\u00edses \u00aben paz\u00bb.<\/p>\n\n\n\n<p>\u00abTenemos que regularizar y normalizar las relaciones comerciales, productivas y econ\u00f3micas. As\u00ed como normalizar las relaciones consulares y las relaciones diplom\u00e1ticas\u00bb, manifest\u00f3.<\/p>\n\n\n\n<p>Seg\u00fan datos de la Plataforma de Coordinaci\u00f3n Interagencial para Refugiados y Migrantes de Venezuela (R4V), cerca de 1,7 millones de venezolanos se han asentado en Colombia, huyendo de la crisis que vive Venezuela, si bien Maduro cifr\u00f3 en 600.000 ese colectivo.<\/p>\n\n\n\n<p>Por otra parte, estim\u00f3 que 6 millones de colombianos residen en Venezuela \u00aby no tienen asistencia consular\u00bb.<\/p>\n\n\n\n<p>El Nacional<\/p>\n","protected":false},"excerpt":{"rendered":"<p>\u00abDesde esta monta\u00f1a le damos un aplauso a esta iniciativa tomada por el Poder Legislativo de Colombia\u00bb, asegur\u00f3 el oficialista acerca de la propuesta que el presidente del Senado, Juan Diego G\u00f3mez, le transmiti\u00f3 al jefe de la Asamblea Nacional electa en 2020, Jorge Rodr\u00edguez. Nicol\u00e1s Maduro\u00a0mostr\u00f3\u00a0este mi\u00e9rcoles su respaldo a la propuesta del Senado [&hellip;]<\/p>\n","protected":false},"author":2,"featured_media":0,"comment_status":"closed","ping_status":"closed","sticky":false,"template":"","format":"standard","meta":{"footnotes":""},"categories":[1],"tags":[],"class_list":{"0":"post-200859","1":"post","2":"type-post","3":"status-publish","4":"format-standard","6":"category-deporte"},"_links":{"self":[{"href":"https:\/\/elluchador.info\/index.php?rest_route=\/wp\/v2\/posts\/200859","targetHints":{"allow":["GET"]}}],"collection":[{"href":"https:\/\/elluchador.info\/index.php?rest_route=\/wp\/v2\/posts"}],"about":[{"href":"https:\/\/elluchador.info\/index.php?rest_route=\/wp\/v2\/types\/post"}],"author":[{"embeddable":true,"href":"https:\/\/elluchador.info\/index.php?rest_route=\/wp\/v2\/users\/2"}],"replies":[{"embeddable":true,"href":"https:\/\/elluchador.info\/index.php?rest_route=%2Fwp%2Fv2%2Fcomments&post=200859"}],"version-history":[{"count":1,"href":"https:\/\/elluchador.info\/index.php?rest_route=\/wp\/v2\/posts\/200859\/revisions"}],"predecessor-version":[{"id":200860,"href":"https:\/\/elluchador.info\/index.php?rest_route=\/wp\/v2\/posts\/200859\/revisions\/200860"}],"wp:attachment":[{"href":"https:\/\/elluchador.info\/index.php?rest_route=%2Fwp%2Fv2%2Fmedia&parent=200859"}],"wp:term":[{"taxonomy":"category","embeddable":true,"href":"https:\/\/elluchador.info\/index.php?rest_route=%2Fwp%2Fv2%2Fcategories&post=200859"},{"taxonomy":"post_tag","embeddable":true,"href":"https:\/\/elluchador.info\/index.php?rest_route=%2Fwp%2Fv2%2Ftags&post=200859"}],"curies":[{"name":"wp","href":"https:\/\/api.w.org\/{rel}","templated":true}]}}