{"id":200890,"date":"2021-10-21T04:39:08","date_gmt":"2021-10-21T08:39:08","guid":{"rendered":"https:\/\/elluchador.info\/web\/?p=200890"},"modified":"2021-10-21T04:39:12","modified_gmt":"2021-10-21T08:39:12","slug":"oncologico-virgen-del-valle-trabaja-con-mistica-y-vocacion-de-servicio","status":"publish","type":"post","link":"https:\/\/elluchador.info\/?p=200890","title":{"rendered":"Oncol\u00f3gico Virgen del Valle trabaja con m\u00edstica y vocaci\u00f3n de servicio"},"content":{"rendered":"\n<p><br>***A prop\u00f3sito del mes rosa, para la prevenci\u00f3n del c\u00e1ncer de mama se han organizado una serie de actividades para la prevenci\u00f3n<\/p>\n\n\n\n<p><br>En el marco de la lucha contra el c\u00e1ncer de mama, en el Oncol\u00f3gico Virgen del Valle, se llev\u00f3 a cabo una actividad, donde se les hizo entrega de un aporte de nutrici\u00f3n a los pacientes que est\u00e1n en quimioterapia, as\u00ed lo inform\u00f3 Esther Guti\u00e9rrez coordinadora general de Oncolog\u00eda en enfermer\u00eda.<\/p>\n\n\n\n<figure class=\"wp-block-image size-large is-resized\"><img loading=\"lazy\" decoding=\"async\" src=\"https:\/\/elluchador.info\/web\/wp-content\/uploads\/2021\/10\/eb11da9f-3b3a-4299-a3d6-4dbdae9f4d89.jpg\" alt=\"\" class=\"wp-image-200893\" width=\"771\" height=\"578\" srcset=\"https:\/\/elluchador.info\/wp-content\/uploads\/2021\/10\/eb11da9f-3b3a-4299-a3d6-4dbdae9f4d89.jpg 1080w, https:\/\/elluchador.info\/wp-content\/uploads\/2021\/10\/eb11da9f-3b3a-4299-a3d6-4dbdae9f4d89-300x225.jpg 300w, https:\/\/elluchador.info\/wp-content\/uploads\/2021\/10\/eb11da9f-3b3a-4299-a3d6-4dbdae9f4d89-1024x768.jpg 1024w, https:\/\/elluchador.info\/wp-content\/uploads\/2021\/10\/eb11da9f-3b3a-4299-a3d6-4dbdae9f4d89-768x576.jpg 768w, https:\/\/elluchador.info\/wp-content\/uploads\/2021\/10\/eb11da9f-3b3a-4299-a3d6-4dbdae9f4d89-560x420.jpg 560w, https:\/\/elluchador.info\/wp-content\/uploads\/2021\/10\/eb11da9f-3b3a-4299-a3d6-4dbdae9f4d89-80x60.jpg 80w, https:\/\/elluchador.info\/wp-content\/uploads\/2021\/10\/eb11da9f-3b3a-4299-a3d6-4dbdae9f4d89-100x75.jpg 100w, https:\/\/elluchador.info\/wp-content\/uploads\/2021\/10\/eb11da9f-3b3a-4299-a3d6-4dbdae9f4d89-180x135.jpg 180w, https:\/\/elluchador.info\/wp-content\/uploads\/2021\/10\/eb11da9f-3b3a-4299-a3d6-4dbdae9f4d89-238x178.jpg 238w, https:\/\/elluchador.info\/wp-content\/uploads\/2021\/10\/eb11da9f-3b3a-4299-a3d6-4dbdae9f4d89-640x480.jpg 640w, https:\/\/elluchador.info\/wp-content\/uploads\/2021\/10\/eb11da9f-3b3a-4299-a3d6-4dbdae9f4d89-681x511.jpg 681w\" sizes=\"auto, (max-width: 771px) 100vw, 771px\" \/><figcaption> <br>Esther Guti\u00e9rrez coordinadora general de Oncolog\u00eda en enfermer\u00eda. \/ Foto cortes\u00eda de  Mois\u00e9s Mart\u00ednez  <\/figcaption><\/figure>\n\n\n\n<p><br>\u201cEstamos aqu\u00ed en la Unidad Oncol\u00f3gica y aun en situaci\u00f3n de la pandemia seguimos trabajando, igualmente la entrega de las bolsas de nutrici\u00f3n, son 176 bolsas donde est\u00e1 incluido el servicio de quimioterapia, el servicio de di\u00e1lisis, el servicio de psiquiatr\u00eda y un servicio atenci\u00f3n m\u00e9dico especializada\u201d, dijo Guti\u00e9rrez.<\/p>\n\n\n\n<figure class=\"wp-block-image size-full\"><img loading=\"lazy\" decoding=\"async\" width=\"460\" height=\"996\" src=\"https:\/\/elluchador.info\/web\/wp-content\/uploads\/2021\/10\/37721fd5-6e6e-4f60-a3fa-90c88c600769.jpg\" alt=\"\" class=\"wp-image-200894\" srcset=\"https:\/\/elluchador.info\/wp-content\/uploads\/2021\/10\/37721fd5-6e6e-4f60-a3fa-90c88c600769.jpg 460w, https:\/\/elluchador.info\/wp-content\/uploads\/2021\/10\/37721fd5-6e6e-4f60-a3fa-90c88c600769-139x300.jpg 139w, https:\/\/elluchador.info\/wp-content\/uploads\/2021\/10\/37721fd5-6e6e-4f60-a3fa-90c88c600769-194x420.jpg 194w\" sizes=\"auto, (max-width: 460px) 100vw, 460px\" \/><figcaption> Entrega de las bolsas de nutrici\u00f3n, son 176 bolsas donde est\u00e1 incluido el servicio de quimioterapia, el servicio de di\u00e1lisis, el servicio de psiquiatr\u00eda y un servicio atenci\u00f3n m\u00e9dico especializada\u201d, dijo Guti\u00e9rrez. \/  Foto cortes\u00eda de  Mois\u00e9s Mart\u00ednez <\/figcaption><\/figure>\n\n\n\n<p><br>Asimismo agradeci\u00f3 al doctor Ignacio granado, director del Instituto Nacional de Nutrici\u00f3n, Soremil Carvajal, coordinadora t\u00e9cnica Cuidad Bol\u00edvar e Isamar \u00c1ngulo Servicio Social, quienes han prestado con tes\u00f3n el apoyo a todos los pacientes de la unidad.<br>Se pudo conocer que recientemente se realiz\u00f3 una actividad deportiva, donde participaron los pacientes para motivarlos, adem\u00e1s de involucrarlos en eventos deportivos, recreativos, \u201cest\u00e1 actividad se ha venido realizando hace mucho tiempo durante tres a\u00f1os, para los pacientes que est\u00e1n actualmente recibiendo quimioterapia\u201d, asegur\u00f3 la coordinadora.<\/p>\n\n\n\n<p><br>Mencion\u00f3 adem\u00e1s que esto significa que la unidad oncol\u00f3gica muestra su esp\u00edritu de gratitud, agradecida con Dios porque a pesar de todas las necesidades, se contin\u00faan en pie de lucha y un consejo para todas las mujeres y los hombres que se toquen antes que le toque no solo las mujeres pueden tener c\u00e1ncer de mama pueden tambi\u00e9n en los hombres.<\/p>\n\n\n\n<p><br>Mar\u00eda Montenegro, paciente oncol\u00f3gica de c\u00e1ncer de mama, realiz\u00f3 una solicitud \u201cagradezco por favor a los organismos gubernamentales, para que por favor nos ayuden a que sea restituido el servicio de acondicionador de aire de esta instituci\u00f3n, es indispensable para el lugar, es m\u00e1s que un lujo\u201d.<\/p>\n\n\n\n<figure class=\"wp-block-image size-large\"><img loading=\"lazy\" decoding=\"async\" width=\"810\" height=\"1080\" src=\"https:\/\/elluchador.info\/web\/wp-content\/uploads\/2021\/10\/ad8386b2-a398-49bb-b580-058f748f7b28.jpg\" alt=\"\" class=\"wp-image-200895\" srcset=\"https:\/\/elluchador.info\/wp-content\/uploads\/2021\/10\/ad8386b2-a398-49bb-b580-058f748f7b28.jpg 810w, https:\/\/elluchador.info\/wp-content\/uploads\/2021\/10\/ad8386b2-a398-49bb-b580-058f748f7b28-225x300.jpg 225w, https:\/\/elluchador.info\/wp-content\/uploads\/2021\/10\/ad8386b2-a398-49bb-b580-058f748f7b28-768x1024.jpg 768w, https:\/\/elluchador.info\/wp-content\/uploads\/2021\/10\/ad8386b2-a398-49bb-b580-058f748f7b28-315x420.jpg 315w, https:\/\/elluchador.info\/wp-content\/uploads\/2021\/10\/ad8386b2-a398-49bb-b580-058f748f7b28-640x853.jpg 640w, https:\/\/elluchador.info\/wp-content\/uploads\/2021\/10\/ad8386b2-a398-49bb-b580-058f748f7b28-681x908.jpg 681w\" sizes=\"auto, (max-width: 810px) 100vw, 810px\" \/><figcaption> Mar\u00eda Montenegro, paciente oncol\u00f3gica de c\u00e1ncer de mama. \/   Foto cortes\u00eda de  Mois\u00e9s Mart\u00ednez <\/figcaption><\/figure>\n\n\n\n<p><br><strong>Sigue la agenda<\/strong><\/p>\n\n\n\n<p><br>Tienen previstas una serie de actividades, adem\u00e1s de conferencias, foros virtuales, talleres y jornadas de prevenci\u00f3n contra el c\u00e1ncer de mama, por parte de estudiantes de medicina de la Universidad de Oriente, adem\u00e1s del equipo m\u00e9dico del oncol\u00f3gico que llevan las jornadas de prevenci\u00f3n a la red ambulatoria de salud, para promover en las mujeres y hombres la acci\u00f3n \u201cT\u00f3cate para que no te toque\u201d, ya que mencionan que esto es m\u00e1s que un lema.<\/p>\n\n\n\n<p><br>\u201cPara fin de mes habr\u00e1 un gran evento de cierre a prop\u00f3sito del mes rosa, que involucra a los pacientes, familiares y a la colectividad en general para lograr crear conciencia de prevenci\u00f3n en las familias bolivarenses\u201d, concluy\u00f3 Guti\u00e9rrez. <\/p>\n\n\n\n<p><strong>Redacci\u00f3n\/Mois\u00e9s Mart\u00ednez<\/strong><br><\/p>\n","protected":false},"excerpt":{"rendered":"<p>***A prop\u00f3sito del mes rosa, para la prevenci\u00f3n del c\u00e1ncer de mama se han organizado una serie de actividades para la prevenci\u00f3n En el marco de la lucha contra el c\u00e1ncer de mama, en el Oncol\u00f3gico Virgen del Valle, se llev\u00f3 a cabo una actividad, donde se les hizo entrega de un aporte de nutrici\u00f3n [&hellip;]<\/p>\n","protected":false},"author":2,"featured_media":200891,"comment_status":"closed","ping_status":"closed","sticky":false,"template":"","format":"standard","meta":{"footnotes":""},"categories":[5,12],"tags":[],"class_list":{"0":"post-200890","1":"post","2":"type-post","3":"status-publish","4":"format-standard","5":"has-post-thumbnail","7":"category-destacado","8":"category-regionales"},"_links":{"self":[{"href":"https:\/\/elluchador.info\/index.php?rest_route=\/wp\/v2\/posts\/200890","targetHints":{"allow":["GET"]}}],"collection":[{"href":"https:\/\/elluchador.info\/index.php?rest_route=\/wp\/v2\/posts"}],"about":[{"href":"https:\/\/elluchador.info\/index.php?rest_route=\/wp\/v2\/types\/post"}],"author":[{"embeddable":true,"href":"https:\/\/elluchador.info\/index.php?rest_route=\/wp\/v2\/users\/2"}],"replies":[{"embeddable":true,"href":"https:\/\/elluchador.info\/index.php?rest_route=%2Fwp%2Fv2%2Fcomments&post=200890"}],"version-history":[{"count":1,"href":"https:\/\/elluchador.info\/index.php?rest_route=\/wp\/v2\/posts\/200890\/revisions"}],"predecessor-version":[{"id":200896,"href":"https:\/\/elluchador.info\/index.php?rest_route=\/wp\/v2\/posts\/200890\/revisions\/200896"}],"wp:featuredmedia":[{"embeddable":true,"href":"https:\/\/elluchador.info\/index.php?rest_route=\/wp\/v2\/media\/200891"}],"wp:attachment":[{"href":"https:\/\/elluchador.info\/index.php?rest_route=%2Fwp%2Fv2%2Fmedia&parent=200890"}],"wp:term":[{"taxonomy":"category","embeddable":true,"href":"https:\/\/elluchador.info\/index.php?rest_route=%2Fwp%2Fv2%2Fcategories&post=200890"},{"taxonomy":"post_tag","embeddable":true,"href":"https:\/\/elluchador.info\/index.php?rest_route=%2Fwp%2Fv2%2Ftags&post=200890"}],"curies":[{"name":"wp","href":"https:\/\/api.w.org\/{rel}","templated":true}]}}