{"id":200918,"date":"2021-10-21T10:38:49","date_gmt":"2021-10-21T14:38:49","guid":{"rendered":"https:\/\/elluchador.info\/web\/?p=200918"},"modified":"2021-10-21T10:38:50","modified_gmt":"2021-10-21T14:38:50","slug":"an-creo-una-comision-mixta-para-trabajar-junto-al-senado-colombiano","status":"publish","type":"post","link":"https:\/\/elluchador.info\/?p=200918","title":{"rendered":"AN cre\u00f3 una comisi\u00f3n mixta para trabajar junto al Senado colombiano"},"content":{"rendered":"\n<p>El presidente del Parlamento, Jorge Rodr\u00edguez, asegur\u00f3 en la sesi\u00f3n que la iniciativa del Senado colombiano es consecuencia del\u00a0\u00abfracaso\u00bb de una pol\u00edtica \u00abcontra Venezuela\u00bb.<\/p>\n\n\n\n<p>El Parlamento\u00a0cre\u00f3 este jueves una comisi\u00f3n mixta para trabajar junto al Senado de Colombia en la normalizaci\u00f3n de las relaciones diplom\u00e1ticas y comerciales entre ambos pa\u00edses, rotas desde febrero de 2019.<\/p>\n\n\n\n<p>Los parlamentarios\u00a0Timoteo Zambrano, Julio Garc\u00eda, Didalco Bol\u00edvar, Carlos Mogoll\u00f3n,\u00a0Edma D\u00edaz, Grecia Colmenares, H\u00e9ctor Zambrano, Jes\u00fas Su\u00e1rez, Juan Romero, Gustavo Rangel, Eduardo Semtei, Carlos Mart\u00ednez, Aurora Paredes, Pedro Carre\u00f1o, \u00d3scar Ronderos, Jos\u00e9 Gregorio Correa, Luis Romero e Iris Varela conforman dicha comisi\u00f3n mixta.<\/p>\n\n\n\n<p>\u00abEs una iniciativa derivada de muchos eventos, de muchos derroteros de la pol\u00edtica venezolana y colombiana\u00bb, expres\u00f3.<\/p>\n\n\n\n<p>Asimismo, asegur\u00f3 que a pesar de que el pa\u00eds caribe\u00f1o ha tenido que \u00absufrir agresiones\u00bb.\u00a0Los m\u00e1s perjudicados con el rompimiento de las relaciones diplom\u00e1ticas y comerciales ha sido Colombia.<\/p>\n\n\n\n<p>\u00abLos principales perjudicados han sido los<strong>&nbsp;empresarios de Colombia<\/strong>, extensas zonas de Colombia que comerciaban libremente con Venezuela\u00bb, indic\u00f3.<\/p>\n\n\n\n<p>El presidente del Parlamento aclar\u00f3 que ninguno de los&nbsp;<strong>poderes legislativos<\/strong>&nbsp;trata de arrogarse competencias de los Ejecutivos sobre el manejo de las relaciones diplom\u00e1ticas.<\/p>\n\n\n\n<p>\u00abEn modo alguno nos estamos refiriendo a arrogarnos las atribuciones que tiene el\u00a0<strong>Ejecutivo<\/strong>\u00a0de llevar las relaciones diplom\u00e1ticas y consulares de Venezuela. Nosotros entendemos que esa no es la intenci\u00f3n del Senado\u00bb, afirm\u00f3.<\/p>\n\n\n\n<p>EFE<\/p>\n","protected":false},"excerpt":{"rendered":"<p>El presidente del Parlamento, Jorge Rodr\u00edguez, asegur\u00f3 en la sesi\u00f3n que la iniciativa del Senado colombiano es consecuencia del\u00a0\u00abfracaso\u00bb de una pol\u00edtica \u00abcontra Venezuela\u00bb. El Parlamento\u00a0cre\u00f3 este jueves una comisi\u00f3n mixta para trabajar junto al Senado de Colombia en la normalizaci\u00f3n de las relaciones diplom\u00e1ticas y comerciales entre ambos pa\u00edses, rotas desde febrero de 2019. [&hellip;]<\/p>\n","protected":false},"author":2,"featured_media":200919,"comment_status":"closed","ping_status":"closed","sticky":false,"template":"","format":"standard","meta":{"footnotes":""},"categories":[5,9],"tags":[],"class_list":{"0":"post-200918","1":"post","2":"type-post","3":"status-publish","4":"format-standard","5":"has-post-thumbnail","7":"category-destacado","8":"category-nacionales"},"_links":{"self":[{"href":"https:\/\/elluchador.info\/index.php?rest_route=\/wp\/v2\/posts\/200918","targetHints":{"allow":["GET"]}}],"collection":[{"href":"https:\/\/elluchador.info\/index.php?rest_route=\/wp\/v2\/posts"}],"about":[{"href":"https:\/\/elluchador.info\/index.php?rest_route=\/wp\/v2\/types\/post"}],"author":[{"embeddable":true,"href":"https:\/\/elluchador.info\/index.php?rest_route=\/wp\/v2\/users\/2"}],"replies":[{"embeddable":true,"href":"https:\/\/elluchador.info\/index.php?rest_route=%2Fwp%2Fv2%2Fcomments&post=200918"}],"version-history":[{"count":1,"href":"https:\/\/elluchador.info\/index.php?rest_route=\/wp\/v2\/posts\/200918\/revisions"}],"predecessor-version":[{"id":200920,"href":"https:\/\/elluchador.info\/index.php?rest_route=\/wp\/v2\/posts\/200918\/revisions\/200920"}],"wp:featuredmedia":[{"embeddable":true,"href":"https:\/\/elluchador.info\/index.php?rest_route=\/wp\/v2\/media\/200919"}],"wp:attachment":[{"href":"https:\/\/elluchador.info\/index.php?rest_route=%2Fwp%2Fv2%2Fmedia&parent=200918"}],"wp:term":[{"taxonomy":"category","embeddable":true,"href":"https:\/\/elluchador.info\/index.php?rest_route=%2Fwp%2Fv2%2Fcategories&post=200918"},{"taxonomy":"post_tag","embeddable":true,"href":"https:\/\/elluchador.info\/index.php?rest_route=%2Fwp%2Fv2%2Ftags&post=200918"}],"curies":[{"name":"wp","href":"https:\/\/api.w.org\/{rel}","templated":true}]}}