{"id":200927,"date":"2021-10-21T10:51:38","date_gmt":"2021-10-21T14:51:38","guid":{"rendered":"https:\/\/elluchador.info\/web\/?p=200927"},"modified":"2021-10-21T10:51:39","modified_gmt":"2021-10-21T14:51:39","slug":"avanza-plan-de-iluminacion-de-ciudad-guayana","status":"publish","type":"post","link":"https:\/\/elluchador.info\/?p=200927","title":{"rendered":"Avanza plan de iluminaci\u00f3n de Ciudad Guayana"},"content":{"rendered":"\n<p>Durante la inspecci\u00f3n y culminaci\u00f3n de los trabajos de iluminaci\u00f3n de la av. Guayana, el alcalde de Caron\u00ed, Tito Oviedo, realiz\u00f3 un balance del plan de iluminaci\u00f3n que ejecuta la alcald\u00eda de manera conjunta con las fuerzas obreras del estado y el sector privado.<\/p>\n\n\n\n<p>La primera autoridad del municipio Tito Oviedo, inspeccion\u00f3 los trabajos que actualmente se ejecutan en la av.Guayana, cuya culminaci\u00f3n se estima esta semana, \u00abcon mucho esfuerzo y articulaci\u00f3n estamos dando respuesta a las necesidades de nuestros vecinos, trabajando en v\u00edas r\u00e1pidas, de gran concentraci\u00f3n vehicular y de ubicaci\u00f3n estrat\u00e9gica para la movilizaci\u00f3n de la ciudad. Hemos culminado la iluminaci\u00f3n del puente de Macagua y av. Dalla costa. <\/p>\n\n\n\n<p>Estamos por terminar las labores en la av. Guayana para proseguir a la av. Manuel Piar, Paseo Caron\u00ed y la Gumilla\u00bb.<\/p>\n\n\n\n<p>Oviedo precis\u00f3 que en la primera etapa del plan se colocaron m\u00e1s de 1800 l\u00e1mparas LED, explicando que dichos equipos son de fabricaci\u00f3n nacional, fruto de una alianza con el sector privado, destacando que la tecnolog\u00eda usada permite ofrecer una garant\u00eda de durabilidad de 4 a\u00f1os \u00abes un esfuerzo de todos, p\u00fablicos y privados para avanzar en la oportuna atenci\u00f3n a nuestro pueblo\u00bb.<\/p>\n\n\n\n<p>6 camiones cesta y m\u00e1s de 15 cuadrillas de trabajo est\u00e1n desplegadas en la emblem\u00e1tica v\u00eda, trabajando de forma continua en la restituci\u00f3n del servicio de iluminaci\u00f3n p\u00fablica.Ya se han iluminado 6 kil\u00f3metros, m\u00e1s de 300 l\u00e1mparas colocadas y 1500 metros de cable.<\/p>\n\n\n\n<p><strong>LA UNI\u00d3N DA FRUTOS<\/strong><\/p>\n\n\n\n<p>Virginia Lira, habitante de la frontera de Guaiparito y l\u00edder social de la comunidad, felicit\u00f3 la acci\u00f3n y resalt\u00f3 que solo la uni\u00f3n y empe\u00f1o de \u00c1ngel Marcano y Tito Oviedo haya sido posible esta obra, \u00aben la condiciones de obst\u00e1culo de que vive el pa\u00eds acciones como esta son muy dif\u00edciles de realizar, solo ahora con verdadera uni\u00f3n y compromiso con el pueblo se consiguen soluciones y respuestas, conf\u00edo que muchas cosas buenas vendr\u00e1n en el futuro para nuestro estado.\u00a0<\/p>\n\n\n\n<p><strong>Prensa Alcald\u00eda de Caron\u00ed<\/strong><\/p>\n","protected":false},"excerpt":{"rendered":"<p>Durante la inspecci\u00f3n y culminaci\u00f3n de los trabajos de iluminaci\u00f3n de la av. Guayana, el alcalde de Caron\u00ed, Tito Oviedo, realiz\u00f3 un balance del plan de iluminaci\u00f3n que ejecuta la alcald\u00eda de manera conjunta con las fuerzas obreras del estado y el sector privado. La primera autoridad del municipio Tito Oviedo, inspeccion\u00f3 los trabajos que [&hellip;]<\/p>\n","protected":false},"author":2,"featured_media":200928,"comment_status":"closed","ping_status":"closed","sticky":false,"template":"","format":"standard","meta":{"footnotes":""},"categories":[5,12],"tags":[],"class_list":{"0":"post-200927","1":"post","2":"type-post","3":"status-publish","4":"format-standard","5":"has-post-thumbnail","7":"category-destacado","8":"category-regionales"},"_links":{"self":[{"href":"https:\/\/elluchador.info\/index.php?rest_route=\/wp\/v2\/posts\/200927","targetHints":{"allow":["GET"]}}],"collection":[{"href":"https:\/\/elluchador.info\/index.php?rest_route=\/wp\/v2\/posts"}],"about":[{"href":"https:\/\/elluchador.info\/index.php?rest_route=\/wp\/v2\/types\/post"}],"author":[{"embeddable":true,"href":"https:\/\/elluchador.info\/index.php?rest_route=\/wp\/v2\/users\/2"}],"replies":[{"embeddable":true,"href":"https:\/\/elluchador.info\/index.php?rest_route=%2Fwp%2Fv2%2Fcomments&post=200927"}],"version-history":[{"count":1,"href":"https:\/\/elluchador.info\/index.php?rest_route=\/wp\/v2\/posts\/200927\/revisions"}],"predecessor-version":[{"id":200929,"href":"https:\/\/elluchador.info\/index.php?rest_route=\/wp\/v2\/posts\/200927\/revisions\/200929"}],"wp:featuredmedia":[{"embeddable":true,"href":"https:\/\/elluchador.info\/index.php?rest_route=\/wp\/v2\/media\/200928"}],"wp:attachment":[{"href":"https:\/\/elluchador.info\/index.php?rest_route=%2Fwp%2Fv2%2Fmedia&parent=200927"}],"wp:term":[{"taxonomy":"category","embeddable":true,"href":"https:\/\/elluchador.info\/index.php?rest_route=%2Fwp%2Fv2%2Fcategories&post=200927"},{"taxonomy":"post_tag","embeddable":true,"href":"https:\/\/elluchador.info\/index.php?rest_route=%2Fwp%2Fv2%2Ftags&post=200927"}],"curies":[{"name":"wp","href":"https:\/\/api.w.org\/{rel}","templated":true}]}}