{"id":200930,"date":"2021-10-21T10:53:20","date_gmt":"2021-10-21T14:53:20","guid":{"rendered":"https:\/\/elluchador.info\/web\/?p=200930"},"modified":"2021-10-21T10:53:21","modified_gmt":"2021-10-21T14:53:21","slug":"camara-de-turismo-bolivar-espera-comunicado-oficial-del-inac-sobre-la-reactivacion-de-vuelos","status":"publish","type":"post","link":"https:\/\/elluchador.info\/?p=200930","title":{"rendered":"C\u00e1mara de Turismo Bol\u00edvar espera comunicado oficial del Inac sobre la reactivaci\u00f3n de vuelos"},"content":{"rendered":"\n<p>A la espera de un comunicado oficial sobre la reactivaci\u00f3n de vuelos desde y hacia el estado Bol\u00edvar, se encuentra la C\u00e1mara de Turismo en la regi\u00f3n.<\/p>\n\n\n\n<p>Gilberto Almarza, presidente de la C\u00e1mara afirm\u00f3 que pese a que hay informaciones sobre la reactivaci\u00f3n de los vuelos comerciales, a\u00fan no hay un pronunciamiento oficial que corrobore la noticia.<\/p>\n\n\n\n<p>\u201cEstamos a la espera de un pronunciamiento oficial por parte del Inac y las autoridades competentes, es cierto que est\u00e1 apareciendo al disponibilidad y las ventas en las pantallas de Conviasa&nbsp; pero estamos a la espera de un comunicado, no hay un pronunciamiento oficial\u201d, dijo.<\/p>\n\n\n\n<p>Ante las variadas informaciones que se han emitido al respecto, el gremialista recomend\u00f3 a los ciudadanos validar directamente con las aerol\u00edneas&nbsp; la vigencia de los vuelos&nbsp; y los localizadores emitidos.<\/p>\n\n\n\n<p>\u201cEs necesario validar, es la recomendaci\u00f3n que hacemos, en el momento que tengamos una comunicaci\u00f3n oficial, lo haremos saber\u201d, detall\u00f3.<\/p>\n\n\n\n<p>\u00a0<strong>Rosanny Mattey<\/strong><\/p>\n","protected":false},"excerpt":{"rendered":"<p>A la espera de un comunicado oficial sobre la reactivaci\u00f3n de vuelos desde y hacia el estado Bol\u00edvar, se encuentra la C\u00e1mara de Turismo en la regi\u00f3n. Gilberto Almarza, presidente de la C\u00e1mara afirm\u00f3 que pese a que hay informaciones sobre la reactivaci\u00f3n de los vuelos comerciales, a\u00fan no hay un pronunciamiento oficial que corrobore [&hellip;]<\/p>\n","protected":false},"author":2,"featured_media":200931,"comment_status":"closed","ping_status":"closed","sticky":false,"template":"","format":"standard","meta":{"footnotes":""},"categories":[5,6,12],"tags":[],"class_list":{"0":"post-200930","1":"post","2":"type-post","3":"status-publish","4":"format-standard","5":"has-post-thumbnail","7":"category-destacado","8":"category-economia","9":"category-regionales"},"_links":{"self":[{"href":"https:\/\/elluchador.info\/index.php?rest_route=\/wp\/v2\/posts\/200930","targetHints":{"allow":["GET"]}}],"collection":[{"href":"https:\/\/elluchador.info\/index.php?rest_route=\/wp\/v2\/posts"}],"about":[{"href":"https:\/\/elluchador.info\/index.php?rest_route=\/wp\/v2\/types\/post"}],"author":[{"embeddable":true,"href":"https:\/\/elluchador.info\/index.php?rest_route=\/wp\/v2\/users\/2"}],"replies":[{"embeddable":true,"href":"https:\/\/elluchador.info\/index.php?rest_route=%2Fwp%2Fv2%2Fcomments&post=200930"}],"version-history":[{"count":1,"href":"https:\/\/elluchador.info\/index.php?rest_route=\/wp\/v2\/posts\/200930\/revisions"}],"predecessor-version":[{"id":200932,"href":"https:\/\/elluchador.info\/index.php?rest_route=\/wp\/v2\/posts\/200930\/revisions\/200932"}],"wp:featuredmedia":[{"embeddable":true,"href":"https:\/\/elluchador.info\/index.php?rest_route=\/wp\/v2\/media\/200931"}],"wp:attachment":[{"href":"https:\/\/elluchador.info\/index.php?rest_route=%2Fwp%2Fv2%2Fmedia&parent=200930"}],"wp:term":[{"taxonomy":"category","embeddable":true,"href":"https:\/\/elluchador.info\/index.php?rest_route=%2Fwp%2Fv2%2Fcategories&post=200930"},{"taxonomy":"post_tag","embeddable":true,"href":"https:\/\/elluchador.info\/index.php?rest_route=%2Fwp%2Fv2%2Ftags&post=200930"}],"curies":[{"name":"wp","href":"https:\/\/api.w.org\/{rel}","templated":true}]}}