{"id":200948,"date":"2021-10-21T11:43:09","date_gmt":"2021-10-21T15:43:09","guid":{"rendered":"https:\/\/elluchador.info\/web\/?p=200948"},"modified":"2021-10-21T11:43:10","modified_gmt":"2021-10-21T15:43:10","slug":"benzema-afronta-una-posible-pena-de-carcel","status":"publish","type":"post","link":"https:\/\/elluchador.info\/?p=200948","title":{"rendered":"Benzema afronta una posible pena de c\u00e1rcel"},"content":{"rendered":"\n<p>Diez meses de c\u00e1rcel exentos de cumplimiento y 75.000 euros (unos 87.000 d\u00f3lares) de multa. <\/p>\n\n\n\n<p>Esa es la pena que la Fiscal\u00eda solicit\u00f3 este jueves contra Karim Benzema,\u00a0acusado\u00a0de ser c\u00f3mplice de un chantaje en 2015 al que era su compa\u00f1ero de selecci\u00f3n Mathieu Valbuena, en un juicio que acabar\u00e1 este viernes.<\/p>\n\n\n\n<p>Fuentes judiciales indicaron a&nbsp;<em>EFE<\/em>&nbsp;que es \u00abaltamente probable\u00bb que el veredicto se conozca este mismo viernes, algo que podr\u00eda ser perjudicial para el madridista si fuera condenado.<\/p>\n\n\n\n<p>La raz\u00f3n es que en plena carrera por el Bal\u00f3n de Oro, para el que es uno de los candidatos, Benzema ver\u00eda su nombre envuelto en un asunto turbio, a dos d\u00edas de que el domingo se cierre el plazo de votaci\u00f3n para ese prestigioso galard\u00f3n.<\/p>\n\n\n\n<p>El jugador recibi\u00f3 mal la petici\u00f3n de la Fiscal\u00eda contra \u00e9l. \u00abEst\u00e1 sorprendido y escandalizado\u00bb, dijo a&nbsp;<em>EFE<\/em>&nbsp;su abogado, Sylvain Cormier, que acus\u00f3 al Ministerio P\u00fablico de aprovechar la fama de su cliente para lograr una mayor repercusi\u00f3n del caso.<\/p>\n\n\n\n<p>\u00abLa notoriedad de Karim Benzema, seg\u00fan el fiscal, debe permitir condenarlo sin pruebas y pedir penas mas severas que para los dem\u00e1s\u00bb, se quej\u00f3 la defensa, que insisti\u00f3 en que \u00abno hay ninguna prueba\u00bb de la culpabilidad del futbolista.<\/p>\n\n\n\n<p>La Fiscal\u00eda cree que s\u00ed y por eso solicit\u00f3 una pena de c\u00e1rcel, aunque solo ir\u00eda a prisi\u00f3n en caso de reincidencia, si el jugador fuera condenado en otro asunto.<\/p>\n\n\n\n<p>La acusaci\u00f3n considera que tuvo un papel importante en el chantaje, que us\u00f3 de su influjo en la selecci\u00f3n para presionar a Valbuena y ayudar as\u00ed a su \u00abhermano\u00bb Karim Zenati, un amigo de infancia varias veces condenado a penas de prisi\u00f3n.<\/p>\n\n\n\n<p>Para la acusaci\u00f3n est\u00e1 probado que Benzema entr\u00f3 en la estrategia a trav\u00e9s de Zenati y, lejos de abandonarlo cuando parec\u00eda nauseabunda, se implic\u00f3 de lleno.<\/p>\n\n\n\n<p>\u00abNo es el buen samaritano que viene a ayudar a su compa\u00f1ero, es un c\u00f3mplice que busca que ayudar a los chantajistas\u00bb, agreg\u00f3.<\/p>\n\n\n\n<p>Por su papel de ejemplo social, la Fiscal\u00eda pidi\u00f3 contra Benzema la multa m\u00e1s alta que contempla la ley para este tipo de delitos, muy superior a la del resto de los acusados, casi todos ellos con antecedentes penales.<\/p>\n\n\n\n<p>La defensa deber\u00e1 ma\u00f1ana desarrollar argumentos que puedan probar que el madridista solo obraba de buena voluntad. Pero a lo largo del juicio, el tribunal ha dejado claro que la decisi\u00f3n del futbolista de no acudir a declarar no le ha sentado bien.<\/p>\n\n\n\n<p>Las obligaciones deportivas alegadas por el jugador no van a ayudar a que escape de una condena. Valbuena, que s\u00ed estuvo en la vista oral, se dedic\u00f3 a cargar con fuerza contra su excompa\u00f1ero, le acus\u00f3 de traici\u00f3n y confes\u00f3 que la ya famosa conversaci\u00f3n entre los dos de octubre de 2015 en una concentraci\u00f3n de la selecci\u00f3n francesa le desestabiliz\u00f3.<\/p>\n\n\n\n<p>El Nacional <\/p>\n","protected":false},"excerpt":{"rendered":"<p>Diez meses de c\u00e1rcel exentos de cumplimiento y 75.000 euros (unos 87.000 d\u00f3lares) de multa. Esa es la pena que la Fiscal\u00eda solicit\u00f3 este jueves contra Karim Benzema,\u00a0acusado\u00a0de ser c\u00f3mplice de un chantaje en 2015 al que era su compa\u00f1ero de selecci\u00f3n Mathieu Valbuena, en un juicio que acabar\u00e1 este viernes. Fuentes judiciales indicaron a&nbsp;EFE&nbsp;que [&hellip;]<\/p>\n","protected":false},"author":2,"featured_media":200949,"comment_status":"closed","ping_status":"closed","sticky":false,"template":"","format":"standard","meta":{"footnotes":""},"categories":[4],"tags":[],"class_list":{"0":"post-200948","1":"post","2":"type-post","3":"status-publish","4":"format-standard","5":"has-post-thumbnail","7":"category-deportes"},"_links":{"self":[{"href":"https:\/\/elluchador.info\/index.php?rest_route=\/wp\/v2\/posts\/200948","targetHints":{"allow":["GET"]}}],"collection":[{"href":"https:\/\/elluchador.info\/index.php?rest_route=\/wp\/v2\/posts"}],"about":[{"href":"https:\/\/elluchador.info\/index.php?rest_route=\/wp\/v2\/types\/post"}],"author":[{"embeddable":true,"href":"https:\/\/elluchador.info\/index.php?rest_route=\/wp\/v2\/users\/2"}],"replies":[{"embeddable":true,"href":"https:\/\/elluchador.info\/index.php?rest_route=%2Fwp%2Fv2%2Fcomments&post=200948"}],"version-history":[{"count":1,"href":"https:\/\/elluchador.info\/index.php?rest_route=\/wp\/v2\/posts\/200948\/revisions"}],"predecessor-version":[{"id":200950,"href":"https:\/\/elluchador.info\/index.php?rest_route=\/wp\/v2\/posts\/200948\/revisions\/200950"}],"wp:featuredmedia":[{"embeddable":true,"href":"https:\/\/elluchador.info\/index.php?rest_route=\/wp\/v2\/media\/200949"}],"wp:attachment":[{"href":"https:\/\/elluchador.info\/index.php?rest_route=%2Fwp%2Fv2%2Fmedia&parent=200948"}],"wp:term":[{"taxonomy":"category","embeddable":true,"href":"https:\/\/elluchador.info\/index.php?rest_route=%2Fwp%2Fv2%2Fcategories&post=200948"},{"taxonomy":"post_tag","embeddable":true,"href":"https:\/\/elluchador.info\/index.php?rest_route=%2Fwp%2Fv2%2Ftags&post=200948"}],"curies":[{"name":"wp","href":"https:\/\/api.w.org\/{rel}","templated":true}]}}