{"id":200951,"date":"2021-10-21T15:30:45","date_gmt":"2021-10-21T19:30:45","guid":{"rendered":"https:\/\/elluchador.info\/web\/?p=200951"},"modified":"2021-10-21T15:31:03","modified_gmt":"2021-10-21T19:31:03","slug":"habitantes-de-pacaraima-preocupados-por-falta-de-control-de-la-migracion-venezolana","status":"publish","type":"post","link":"https:\/\/elluchador.info\/?p=200951","title":{"rendered":"Habitantes de Pacaraima preocupados por falta de control de la migraci\u00f3n venezolana"},"content":{"rendered":"\n<p>\u201cNo podemos continuar con esta\u00a0situaci\u00f3n desordenada, de ellos seguir durmiendo en la calle, orinando, defecando y\u00a0muchas veces robando para poder alimentarse, esa situaci\u00f3n que cada d\u00eda est\u00e1 provocando hurtos, asaltos; inclusive tuvimos escenas de cr\u00edmenes b\u00e1rbaros nunca antes vistos en Pacaraima\u201d, indic\u00f3 Kleber Borges, representante de la C\u00e1mara de Comercio.<\/p>\n\n\n\n<p>Los pobladores de\u00a0<strong>Pacaraima<\/strong>, municipio de Brasil fronterizo con Venezuela, al noreste del estado de Roraima, a solo 20 kil\u00f3metros de Santa Elena de Uair\u00e9n, exhortaron al gobierno federal a intervenir de manera efectiva para controlar la migraci\u00f3n venezolana en la zona. Se\u00f1alaron que no quieren ser ellos los que tomen acciones dr\u00e1sticas, y menos que se repitan\u00a0eventos como los del 2018, donde hubo actos xen\u00f3fobos contra la di\u00e1spora y fueron expulsados de forma violenta del municipio.<\/p>\n\n\n\n<p>\u201cAlertamos a las autoridades para que no esperen que se repita lo que ocurri\u00f3 en el 2018. Pedimos que se tomen las providencias para no repetir las acciones del pasado, la poblaci\u00f3n no quer\u00eda hacer aquello, pero fue provocada, primero por la omisi\u00f3n del poder p\u00fablico y segundo por el contraataque de los inmigrantes\u201d, dijo.<\/p>\n\n\n\n<p>\u201cEsta manifestaci\u00f3n no es contra la migraci\u00f3n venezolana, es contra el vandalismo que algunos migrantes de mala \u00edndole vienen a cometer; ese tipo de personas no son bienvenidos en ninguna parte del mundo. Esperemos que despu\u00e9s de esta audiencia no sea necesario ir a las calles porque ser\u00e1 una gran masacre, porque hoy somos minor\u00eda\u00bb, agreg\u00f3.<\/p>\n\n\n\n<p>Los ciudadanos de Pacaraima participaron en una asamblea general el pasado martes para tratar\u00a0la problem\u00e1tica que se ha originado por la migraci\u00f3n venezolana\u00a0en la ciudad y el estado.<\/p>\n\n\n\n<p>En el debate advirtieron de fallas en la ley de inmigraci\u00f3n, deficiencia en el control de seguridad de la entrada de migrantes por trochas, falta de control judicial de quienes ingresan a Brasil, necesidad de mayor espacio para acogerlos, carencia de espacio e insumos en los sistemas de salud y educaci\u00f3n por la creciente demanda, aumento de la violencia e inseguridad, desabastecimiento de agua, y la deforestaci\u00f3n e invasi\u00f3n de \u00e1reas protegidas, entre otros, fueron parte de las denuncias presentadas por los roraimenses.<\/p>\n\n\n\n<p>EL Nacional <\/p>\n","protected":false},"excerpt":{"rendered":"<p>\u201cNo podemos continuar con esta\u00a0situaci\u00f3n desordenada, de ellos seguir durmiendo en la calle, orinando, defecando y\u00a0muchas veces robando para poder alimentarse, esa situaci\u00f3n que cada d\u00eda est\u00e1 provocando hurtos, asaltos; inclusive tuvimos escenas de cr\u00edmenes b\u00e1rbaros nunca antes vistos en Pacaraima\u201d, indic\u00f3 Kleber Borges, representante de la C\u00e1mara de Comercio. Los pobladores de\u00a0Pacaraima, municipio de [&hellip;]<\/p>\n","protected":false},"author":2,"featured_media":200952,"comment_status":"closed","ping_status":"closed","sticky":false,"template":"","format":"standard","meta":{"footnotes":""},"categories":[5,8],"tags":[],"class_list":{"0":"post-200951","1":"post","2":"type-post","3":"status-publish","4":"format-standard","5":"has-post-thumbnail","7":"category-destacado","8":"category-internacionales"},"_links":{"self":[{"href":"https:\/\/elluchador.info\/index.php?rest_route=\/wp\/v2\/posts\/200951","targetHints":{"allow":["GET"]}}],"collection":[{"href":"https:\/\/elluchador.info\/index.php?rest_route=\/wp\/v2\/posts"}],"about":[{"href":"https:\/\/elluchador.info\/index.php?rest_route=\/wp\/v2\/types\/post"}],"author":[{"embeddable":true,"href":"https:\/\/elluchador.info\/index.php?rest_route=\/wp\/v2\/users\/2"}],"replies":[{"embeddable":true,"href":"https:\/\/elluchador.info\/index.php?rest_route=%2Fwp%2Fv2%2Fcomments&post=200951"}],"version-history":[{"count":1,"href":"https:\/\/elluchador.info\/index.php?rest_route=\/wp\/v2\/posts\/200951\/revisions"}],"predecessor-version":[{"id":200953,"href":"https:\/\/elluchador.info\/index.php?rest_route=\/wp\/v2\/posts\/200951\/revisions\/200953"}],"wp:featuredmedia":[{"embeddable":true,"href":"https:\/\/elluchador.info\/index.php?rest_route=\/wp\/v2\/media\/200952"}],"wp:attachment":[{"href":"https:\/\/elluchador.info\/index.php?rest_route=%2Fwp%2Fv2%2Fmedia&parent=200951"}],"wp:term":[{"taxonomy":"category","embeddable":true,"href":"https:\/\/elluchador.info\/index.php?rest_route=%2Fwp%2Fv2%2Fcategories&post=200951"},{"taxonomy":"post_tag","embeddable":true,"href":"https:\/\/elluchador.info\/index.php?rest_route=%2Fwp%2Fv2%2Ftags&post=200951"}],"curies":[{"name":"wp","href":"https:\/\/api.w.org\/{rel}","templated":true}]}}