{"id":200991,"date":"2021-10-22T16:23:00","date_gmt":"2021-10-22T20:23:00","guid":{"rendered":"https:\/\/elluchador.info\/web\/?p=200991"},"modified":"2021-10-22T16:23:02","modified_gmt":"2021-10-22T20:23:02","slug":"tribunal-espanol-suspende-la-entrega-de-hugo-el-pollo-carvajal","status":"publish","type":"post","link":"https:\/\/elluchador.info\/?p=200991","title":{"rendered":"Tribunal espa\u00f1ol suspende la entrega de Hugo \u00abEl Pollo\u00bb Carvajal"},"content":{"rendered":"\n<p>La Audiencia Nacional, la jurisdicci\u00f3n en Espa\u00f1a a cargo de las extradiciones, dej\u00f3 en suspenso la entrega a Estados Unidos del ex responsable de inteligencia venezolano Hugo \u201cEl Pollo\u201d Carvajal, seg\u00fan anunci\u00f3 el tribunal este viernes.<\/p>\n\n\n\n<p>Ante un recurso de la defensa de Carvajal, el tribunal determin\u00f3 que hubo un defecto de forma en un auto anterior de la Audiencia Nacional, por lo que \u201cha acordado suspender la materializaci\u00f3n de la entrega a Estados Unidos\u201d del general retirado, solicitado por la justicia de ese pa\u00eds por narcotr\u00e1fico, seg\u00fan el comunicado de la corte, rese\u00f1\u00f3 la agencia de noticias AFP.<\/p>\n\n\n\n<p>Dada cuenta; los anteriores escritos de la representaci\u00f3n procesal del reclamado Hugo Armando Carvajal Barrios, \u00fananse y teniendo en cuenta lo expresado en el \u00faltimo p\u00e1rrafo del Fundamento Jtirfdico Quinto del Auto de 24 de enero de 2020 dictado por el Pleno de La Sala de lo Penal desestimando incidente de nulidad de actuaciones, lo que no se recoge en su parte dispositiva, en aras a la Tutela judicial efectiva queda en suspenso la materializaci\u00f3n de la entrega a los Estados Unidos de Am\u00e9rica del Norte y rem\u00edtase copia testimoniada del escrito de la defensa y del presente prove\u00eddo al Pleno de la Sala para que resuelva.<\/p>\n\n\n\n<p>Queda sin objeto la petici\u00f3n que hace la defensa en base a la solicitud de medidas cautelares ante la Sala Tercera del Tribunal Supremo.<\/p>\n\n\n\n<p>As\u00ed lo acuerdan tos limos. Sres. Magistrados anotados al margen y rubrica el Ilmo. Sr. Presidente, de lo que doy fe.\u00a0<\/p>\n\n\n\n<p><strong>AFP<\/strong><\/p>\n","protected":false},"excerpt":{"rendered":"<p>La Audiencia Nacional, la jurisdicci\u00f3n en Espa\u00f1a a cargo de las extradiciones, dej\u00f3 en suspenso la entrega a Estados Unidos del ex responsable de inteligencia venezolano Hugo \u201cEl Pollo\u201d Carvajal, seg\u00fan anunci\u00f3 el tribunal este viernes. Ante un recurso de la defensa de Carvajal, el tribunal determin\u00f3 que hubo un defecto de forma en un [&hellip;]<\/p>\n","protected":false},"author":2,"featured_media":200824,"comment_status":"closed","ping_status":"closed","sticky":false,"template":"","format":"standard","meta":{"footnotes":""},"categories":[5,8],"tags":[],"class_list":{"0":"post-200991","1":"post","2":"type-post","3":"status-publish","4":"format-standard","5":"has-post-thumbnail","7":"category-destacado","8":"category-internacionales"},"_links":{"self":[{"href":"https:\/\/elluchador.info\/index.php?rest_route=\/wp\/v2\/posts\/200991","targetHints":{"allow":["GET"]}}],"collection":[{"href":"https:\/\/elluchador.info\/index.php?rest_route=\/wp\/v2\/posts"}],"about":[{"href":"https:\/\/elluchador.info\/index.php?rest_route=\/wp\/v2\/types\/post"}],"author":[{"embeddable":true,"href":"https:\/\/elluchador.info\/index.php?rest_route=\/wp\/v2\/users\/2"}],"replies":[{"embeddable":true,"href":"https:\/\/elluchador.info\/index.php?rest_route=%2Fwp%2Fv2%2Fcomments&post=200991"}],"version-history":[{"count":1,"href":"https:\/\/elluchador.info\/index.php?rest_route=\/wp\/v2\/posts\/200991\/revisions"}],"predecessor-version":[{"id":200992,"href":"https:\/\/elluchador.info\/index.php?rest_route=\/wp\/v2\/posts\/200991\/revisions\/200992"}],"wp:featuredmedia":[{"embeddable":true,"href":"https:\/\/elluchador.info\/index.php?rest_route=\/wp\/v2\/media\/200824"}],"wp:attachment":[{"href":"https:\/\/elluchador.info\/index.php?rest_route=%2Fwp%2Fv2%2Fmedia&parent=200991"}],"wp:term":[{"taxonomy":"category","embeddable":true,"href":"https:\/\/elluchador.info\/index.php?rest_route=%2Fwp%2Fv2%2Fcategories&post=200991"},{"taxonomy":"post_tag","embeddable":true,"href":"https:\/\/elluchador.info\/index.php?rest_route=%2Fwp%2Fv2%2Ftags&post=200991"}],"curies":[{"name":"wp","href":"https:\/\/api.w.org\/{rel}","templated":true}]}}