{"id":200998,"date":"2021-10-22T16:49:00","date_gmt":"2021-10-22T20:49:00","guid":{"rendered":"https:\/\/elluchador.info\/web\/?p=200998"},"modified":"2021-10-22T16:49:02","modified_gmt":"2021-10-22T20:49:02","slug":"fedecamaras-la-flexibilidad-es-una-oportunidad-para-demostrar-que-se-puede-volver-a-la-normalidad","status":"publish","type":"post","link":"https:\/\/elluchador.info\/?p=200998","title":{"rendered":"Fedec\u00e1maras: La Flexibilidad es una oportunidad para demostrar que se puede volver a la normalidad"},"content":{"rendered":"\n<p>Consideramos que la&nbsp;<strong>medida de flexibilidad<\/strong>&nbsp;en noviembre y diciembre, una tremenda oportunidad&nbsp; para demostrar que si se puede volver a la normalidad, sin que necesariamente signifique aumento de los contagios, asegur\u00f3 el presidente de&nbsp;<strong>Fedec\u00e1maras<\/strong>, Carlos Fern\u00e1ndez Gallardo.<\/p>\n\n\n\n<p>Advierte sin embargo, que no se puede llamar a una\u00a0<strong>flexibilizaci\u00f3n total<\/strong>\u00a0si no se toman otras medidas que deben acompa\u00f1ar la decisi\u00f3n anunciada por el gobierno nacional y que entrar\u00e1 en\u00a0 vigencia a partir del pr\u00f3ximo 1 de noviembre.<\/p>\n\n\n\n<p>\u201cEn primer lugar de be haber una campa\u00f1a masiva de concientizaci\u00f3n, sobre la importancia de&nbsp;<strong>mantener las medidas de bioseguridad<\/strong>&nbsp;y exhortar a aquellos que no necesariamente tengan que salir a que permanezcan lo m\u00e1s aislados posible; en&nbsp; segundo lugar debe estar acompa\u00f1ada de una revisi\u00f3n en las empresas, en&nbsp; los locales, en las industrias en los comercios para verificar que las medidas de bioseguridad se est\u00e1n cumpliendo y en&nbsp; tercer lugar, y es lo m\u00e1s importante, debe ser acompa\u00f1ado de una&nbsp;<strong>profundizaci\u00f3n de la campa\u00f1a de vacunaci\u00f3n<\/strong>.<\/p>\n\n\n\n<p>Record\u00f3 que el mundo y el pa\u00eds&nbsp; ha demostrado que donde se ha cambiado el sistema, no necesariamente se han registrado incrementos en los contagios.<\/p>\n\n\n\n<p>\u201cCuando se inici\u00f3 la pandemia nosotros estuvimos cerca de cuatro meses encerrados y cuando se dio el salto a la primera flexibilizaci\u00f3n, hubo un incremento manejable de los contagios, y no es menos cierto que muchas industrias han permanecido trabajando en sectores estrat\u00e9gicos, que durante much\u00edsimo meses ni siquiera tuvieron&nbsp; un&nbsp; solo contagio, o sea que hay formas de articular las cosas y por \u00faltimos en aquellos sitios donde hay m\u00e1s acumulaci\u00f3n de personas como el Metro, paradas de autobuses, iglesias deber\u00edan implementarse normas que supervisen y orienten a las personas sobre la manera de comportarse para evitar los contagios\u201d, asegur\u00f3 el l\u00edder empresarial.<\/p>\n\n\n\n<p>Fern\u00e1ndez advierte que son conciliables las dos alternativas, de hecho hay muchas profesiones riesgosas y no por ser riesgosas se dejan de ejercer, por ejemplo las personas que trabajan en los hospitales y que est\u00e1n expuestas a todos los riesgos de contaminaci\u00f3n, pero all\u00ed&nbsp;<strong>se aplican una serie de medidas de prevenci\u00f3n que impiden que el personal corra riesgos<\/strong>, se\u00f1alando que se pueden aplicar este tipo de medidas de prevenci\u00f3n e los comercios, las industrias, en los sitios de aglomeraci\u00f3n, acompa\u00f1ados con una campa\u00f1a ciudadana que puede ser de boca a boca, en las emisoras, porque las cosas no pueden ser extremas, que te excluyan, hay que buscar las formas en que ambos puedan lograr los objetivos, sin sentir que se est\u00e1 poniendo en&nbsp; riesgo la salud.<\/p>\n\n\n\n<p>\u201c<strong>Tenemos que dejar claro que la prioridad es la salud de las personas<\/strong>, pero hemos entendido que si en los hospitales se trabaja y con seguridad, por qu\u00e9 no podemos hacerlos en los locales comerciales, en una industria, ya que es un aprendizaje de asar de un lugar y llegar a otro\u201d. <\/p>\n\n\n\n<p><\/p>\n","protected":false},"excerpt":{"rendered":"<p>Consideramos que la&nbsp;medida de flexibilidad&nbsp;en noviembre y diciembre, una tremenda oportunidad&nbsp; para demostrar que si se puede volver a la normalidad, sin que necesariamente signifique aumento de los contagios, asegur\u00f3 el presidente de&nbsp;Fedec\u00e1maras, Carlos Fern\u00e1ndez Gallardo. Advierte sin embargo, que no se puede llamar a una\u00a0flexibilizaci\u00f3n total\u00a0si no se toman otras medidas que deben acompa\u00f1ar [&hellip;]<\/p>\n","protected":false},"author":2,"featured_media":200999,"comment_status":"closed","ping_status":"closed","sticky":false,"template":"","format":"standard","meta":{"footnotes":""},"categories":[5,6],"tags":[],"class_list":{"0":"post-200998","1":"post","2":"type-post","3":"status-publish","4":"format-standard","5":"has-post-thumbnail","7":"category-destacado","8":"category-economia"},"_links":{"self":[{"href":"https:\/\/elluchador.info\/index.php?rest_route=\/wp\/v2\/posts\/200998","targetHints":{"allow":["GET"]}}],"collection":[{"href":"https:\/\/elluchador.info\/index.php?rest_route=\/wp\/v2\/posts"}],"about":[{"href":"https:\/\/elluchador.info\/index.php?rest_route=\/wp\/v2\/types\/post"}],"author":[{"embeddable":true,"href":"https:\/\/elluchador.info\/index.php?rest_route=\/wp\/v2\/users\/2"}],"replies":[{"embeddable":true,"href":"https:\/\/elluchador.info\/index.php?rest_route=%2Fwp%2Fv2%2Fcomments&post=200998"}],"version-history":[{"count":1,"href":"https:\/\/elluchador.info\/index.php?rest_route=\/wp\/v2\/posts\/200998\/revisions"}],"predecessor-version":[{"id":201000,"href":"https:\/\/elluchador.info\/index.php?rest_route=\/wp\/v2\/posts\/200998\/revisions\/201000"}],"wp:featuredmedia":[{"embeddable":true,"href":"https:\/\/elluchador.info\/index.php?rest_route=\/wp\/v2\/media\/200999"}],"wp:attachment":[{"href":"https:\/\/elluchador.info\/index.php?rest_route=%2Fwp%2Fv2%2Fmedia&parent=200998"}],"wp:term":[{"taxonomy":"category","embeddable":true,"href":"https:\/\/elluchador.info\/index.php?rest_route=%2Fwp%2Fv2%2Fcategories&post=200998"},{"taxonomy":"post_tag","embeddable":true,"href":"https:\/\/elluchador.info\/index.php?rest_route=%2Fwp%2Fv2%2Ftags&post=200998"}],"curies":[{"name":"wp","href":"https:\/\/api.w.org\/{rel}","templated":true}]}}