{"id":201039,"date":"2021-10-25T10:14:07","date_gmt":"2021-10-25T14:14:07","guid":{"rendered":"https:\/\/elluchador.info\/web\/?p=201039"},"modified":"2021-10-25T10:14:08","modified_gmt":"2021-10-25T14:14:08","slug":"hoy-arrancan-las-clases-presenciales-en-toda-venezuela-tras-un-ano-y-7-meses-de-inactividad","status":"publish","type":"post","link":"https:\/\/elluchador.info\/?p=201039","title":{"rendered":"Hoy arrancan las clases presenciales en toda Venezuela, tras un a\u00f1o y 7 meses de inactividad"},"content":{"rendered":"\n<p>Tras m\u00e1s de un a\u00f1o y 7 meses sin actividades por la pandemia, Venezuela reinicia este lunes las clases presenciales en todo el pa\u00eds y en todos los niveles, seg\u00fan ratific\u00f3 este domingo Nicol\u00e1s Maduro.<\/p>\n\n\n\n<p>\u201cEste lunes 25 de octubre damos un pase gigantesco, porque ma\u00f1ana (hoy) comienzan las clases en Venezuela. Vuelven las clases presenciales con absoluta bioseguridad. Este lunes suena el timbre de inicio de clases presenciales en Venezuela con los cuidados respectivos\u201d, anunci\u00f3.<\/p>\n\n\n\n<p>Adelant\u00f3 que \u201c<strong>habr\u00e1 vigilancia epidemiol\u00f3gica especial detallada, y al frente de estos cuidados estar\u00e1n la presidencia ejecutiva y el ministerio de Salud\u201d.<\/strong><\/p>\n\n\n\n<p>Dijo que el Ejecutivo est\u00e1 en condiciones para cuidar el desarrollo del a\u00f1o lectivo 2021-2022 y si hiciera falta, por seguimiento epidemiol\u00f3gico, en alg\u00fan momento,&nbsp;<strong>se requiera suspender clases presenciales en alguna escuela o liceo<\/strong>&nbsp;por 7 d\u00edas o m\u00e1s, se autorizar\u00eda la suspensi\u00f3n si es necesario, para evitar o contener eventuales contagios del virus.<\/p>\n\n\n\n<p>Hizo un llamado a maestros, maestras, profesores y profesoras, a cuidar la m\u00e1xima bioseguridad con tapabocas, limpieza de manos y distanciamiento f\u00edsico, desinfecciones de espacios.<\/p>\n\n\n\n<p>\u201cPor ahora, las clases empiezan y luego viene noviembre y diciembre con mucha actividad. A partir del 1 de noviembre arranca la flexibilizaci\u00f3n, abierta, toda completa para favorecer actividades navide\u00f1as, comerciales, educativas, familiares, sociales\u201d.<\/p>\n\n\n\n<p><strong>Con informaci\u00f3n de VTV<\/strong><\/p>\n","protected":false},"excerpt":{"rendered":"<p>Tras m\u00e1s de un a\u00f1o y 7 meses sin actividades por la pandemia, Venezuela reinicia este lunes las clases presenciales en todo el pa\u00eds y en todos los niveles, seg\u00fan ratific\u00f3 este domingo Nicol\u00e1s Maduro. \u201cEste lunes 25 de octubre damos un pase gigantesco, porque ma\u00f1ana (hoy) comienzan las clases en Venezuela. Vuelven las clases [&hellip;]<\/p>\n","protected":false},"author":2,"featured_media":201040,"comment_status":"closed","ping_status":"closed","sticky":false,"template":"","format":"standard","meta":{"footnotes":""},"categories":[5,9],"tags":[],"class_list":{"0":"post-201039","1":"post","2":"type-post","3":"status-publish","4":"format-standard","5":"has-post-thumbnail","7":"category-destacado","8":"category-nacionales"},"_links":{"self":[{"href":"https:\/\/elluchador.info\/index.php?rest_route=\/wp\/v2\/posts\/201039","targetHints":{"allow":["GET"]}}],"collection":[{"href":"https:\/\/elluchador.info\/index.php?rest_route=\/wp\/v2\/posts"}],"about":[{"href":"https:\/\/elluchador.info\/index.php?rest_route=\/wp\/v2\/types\/post"}],"author":[{"embeddable":true,"href":"https:\/\/elluchador.info\/index.php?rest_route=\/wp\/v2\/users\/2"}],"replies":[{"embeddable":true,"href":"https:\/\/elluchador.info\/index.php?rest_route=%2Fwp%2Fv2%2Fcomments&post=201039"}],"version-history":[{"count":1,"href":"https:\/\/elluchador.info\/index.php?rest_route=\/wp\/v2\/posts\/201039\/revisions"}],"predecessor-version":[{"id":201041,"href":"https:\/\/elluchador.info\/index.php?rest_route=\/wp\/v2\/posts\/201039\/revisions\/201041"}],"wp:featuredmedia":[{"embeddable":true,"href":"https:\/\/elluchador.info\/index.php?rest_route=\/wp\/v2\/media\/201040"}],"wp:attachment":[{"href":"https:\/\/elluchador.info\/index.php?rest_route=%2Fwp%2Fv2%2Fmedia&parent=201039"}],"wp:term":[{"taxonomy":"category","embeddable":true,"href":"https:\/\/elluchador.info\/index.php?rest_route=%2Fwp%2Fv2%2Fcategories&post=201039"},{"taxonomy":"post_tag","embeddable":true,"href":"https:\/\/elluchador.info\/index.php?rest_route=%2Fwp%2Fv2%2Ftags&post=201039"}],"curies":[{"name":"wp","href":"https:\/\/api.w.org\/{rel}","templated":true}]}}