{"id":201050,"date":"2021-10-25T18:29:08","date_gmt":"2021-10-25T22:29:08","guid":{"rendered":"https:\/\/elluchador.info\/web\/?p=201050"},"modified":"2021-10-25T18:29:10","modified_gmt":"2021-10-25T22:29:10","slug":"alcaldesa-de-piar-dio-la-bienvenida-a-ninos-y-ninas-al-regreso-a-clases-seguro-y-progresivo-2021-2022","status":"publish","type":"post","link":"https:\/\/elluchador.info\/?p=201050","title":{"rendered":"Alcaldesa de Piar, dio la bienvenida a ni\u00f1os y ni\u00f1as al regreso a clases seguro\u00a0y progresivo 2021-2022"},"content":{"rendered":"\n<p>La ma\u00f1ana de este lunes, la alcaldesa del municipio Piar, Yulisbeth Garc\u00eda, acompa\u00f1\u00f3 a los ni\u00f1os y ni\u00f1as, comunidad educativa de la U. E. N Morales Marcano, representantes, padres&nbsp; y Poder Popular, al inicio del regreso a \u201cClases Seguro y Progresivo 2021-2022\u201d, \u201choy los escolares volvieron nuevamente a las aulas de clases, agradezco a los representantes por cumplir con mucho sacrificio y esfuerzo, esta responsabilidad de dejar en las instituciones educativas a sus hijos, cumpliendo con todas las medidas de seguridad, les deseo un feliz inicio de clases con muchas bendiciones\u201d.&nbsp;<\/p>\n\n\n\n<p>La alcaldesa hizo \u00e9nfasis en cumplir con las medidas de bioseguridad, \u201chago el llamado a todos a que nos cuidemos, el ni\u00f1o o ni\u00f1a debe asistir a clases con su respectivo tapabocas, en conversaci\u00f3n previa con el profesor y coordinador Municipal Intercircuital, Ram\u00f3n Arias, se trat\u00f3 en llevar a cabo un plan para el sistema de bioseguridad y que no falte en ning\u00fan colegio de la localidad, estar\u00e9 dispuesta apoyar y as\u00ed garantizar la seguridad y protecci\u00f3n del Covid-19, a aquel estudiante en sus aulas de clases\u201d.<\/p>\n\n\n\n<p><strong>Inici\u00f3 jornada de vacunaci\u00f3n<\/strong><\/p>\n\n\n\n<p>En su intervenci\u00f3n la alcaldesa resalt\u00f3, que se dar\u00e1 inicio a la jornada de vacunaci\u00f3n para los ni\u00f1os de 12 a 17 a\u00f1os, \u201cdesde el gobierno municipal, con el gobierno regional y nacional, estamos preparando todo un plan log\u00edstico para que no quede ni un ni\u00f1o, ni ni\u00f1a vacunado, padres, madres o representantes, no tengan miedo de vacunar a sus hijos, es mejor que este bloqueado, a que usted viva una incertidumbre \u00bfPor qu\u00e9 no lo vacune?, es importante que se coloquen esta vacuna, a que este en riesgo de ser contagiado por el Covid-19\u201d, explic\u00f3 la mandataria municipal.<\/p>\n\n\n\n<p><strong>Comprometida con la educaci\u00f3n<\/strong><\/p>\n\n\n\n<p>Asimismo, la autoridad local se comprometi\u00f3 con la directora del Morales Marcano, Milagros Buto, recuperar con pinturas las paredes del audit\u00f3rium y el comedor, aunado al plan de mantenimiento y limpieza en las \u00e1reas verdes de la instituci\u00f3n, \u201cdebemos darles espacios \u00f3ptimos a los estudiantes, por tanto, arrancamos la recuperaci\u00f3n desde ma\u00f1ana martes 26 del presente mes, esto sin color pol\u00edtico, todo para el desarrollo educativo, felicito a todos los representantes por traer sus ni\u00f1os a clases, seguimos fortaleciendo en materia de educaci\u00f3n a nuestros estudiantes\u201d.<\/p>\n\n\n\n<p><strong>Entrega de \u00fatiles escolares&nbsp;&nbsp;<\/strong><\/p>\n\n\n\n<p>Tambi\u00e9n, la autoridad local entreg\u00f3 una \u201cGotita de Amor\u201d, a los ni\u00f1os y ni\u00f1as, siendo kits de \u00fatiles escolares como libretas, l\u00e1pices, t\u00e9mperas, pegamentos, sacapuntas, colores, y otros implementos esenciales para los estudiantes, garantizando de esta manera, una educaci\u00f3n gratuita y de calidad para los ni\u00f1os, \u201cagradezco el apoyo siempre dado por parte de nuestro presidente Nicol\u00e1s Maduro y candidato a la gobernaci\u00f3n, \u00c1ngel Marcano\u201d.<\/p>\n\n\n\n<p>Prensa Alcald\u00eda de Piar<\/p>\n","protected":false},"excerpt":{"rendered":"<p>La ma\u00f1ana de este lunes, la alcaldesa del municipio Piar, Yulisbeth Garc\u00eda, acompa\u00f1\u00f3 a los ni\u00f1os y ni\u00f1as, comunidad educativa de la U. E. N Morales Marcano, representantes, padres&nbsp; y Poder Popular, al inicio del regreso a \u201cClases Seguro y Progresivo 2021-2022\u201d, \u201choy los escolares volvieron nuevamente a las aulas de clases, agradezco a los [&hellip;]<\/p>\n","protected":false},"author":2,"featured_media":201051,"comment_status":"closed","ping_status":"closed","sticky":false,"template":"","format":"standard","meta":{"footnotes":""},"categories":[5,12],"tags":[],"class_list":{"0":"post-201050","1":"post","2":"type-post","3":"status-publish","4":"format-standard","5":"has-post-thumbnail","7":"category-destacado","8":"category-regionales"},"_links":{"self":[{"href":"https:\/\/elluchador.info\/index.php?rest_route=\/wp\/v2\/posts\/201050","targetHints":{"allow":["GET"]}}],"collection":[{"href":"https:\/\/elluchador.info\/index.php?rest_route=\/wp\/v2\/posts"}],"about":[{"href":"https:\/\/elluchador.info\/index.php?rest_route=\/wp\/v2\/types\/post"}],"author":[{"embeddable":true,"href":"https:\/\/elluchador.info\/index.php?rest_route=\/wp\/v2\/users\/2"}],"replies":[{"embeddable":true,"href":"https:\/\/elluchador.info\/index.php?rest_route=%2Fwp%2Fv2%2Fcomments&post=201050"}],"version-history":[{"count":1,"href":"https:\/\/elluchador.info\/index.php?rest_route=\/wp\/v2\/posts\/201050\/revisions"}],"predecessor-version":[{"id":201052,"href":"https:\/\/elluchador.info\/index.php?rest_route=\/wp\/v2\/posts\/201050\/revisions\/201052"}],"wp:featuredmedia":[{"embeddable":true,"href":"https:\/\/elluchador.info\/index.php?rest_route=\/wp\/v2\/media\/201051"}],"wp:attachment":[{"href":"https:\/\/elluchador.info\/index.php?rest_route=%2Fwp%2Fv2%2Fmedia&parent=201050"}],"wp:term":[{"taxonomy":"category","embeddable":true,"href":"https:\/\/elluchador.info\/index.php?rest_route=%2Fwp%2Fv2%2Fcategories&post=201050"},{"taxonomy":"post_tag","embeddable":true,"href":"https:\/\/elluchador.info\/index.php?rest_route=%2Fwp%2Fv2%2Ftags&post=201050"}],"curies":[{"name":"wp","href":"https:\/\/api.w.org\/{rel}","templated":true}]}}