{"id":201087,"date":"2021-10-25T19:44:41","date_gmt":"2021-10-25T23:44:41","guid":{"rendered":"https:\/\/elluchador.info\/web\/?p=201087"},"modified":"2021-10-25T19:44:43","modified_gmt":"2021-10-25T23:44:43","slug":"la-exfiscal-luisa-ortega-diaz-solicito-asilo-en-espana","status":"publish","type":"post","link":"https:\/\/elluchador.info\/?p=201087","title":{"rendered":"La exfiscal Luisa Ortega D\u00edaz solicit\u00f3 asilo en Espa\u00f1a"},"content":{"rendered":"\n<p>La exfiscal general de Venezuela Luisa Ortega D\u00edaz, ha solicitado protecci\u00f3n internacional al Gobierno de Espa\u00f1a.<\/p>\n\n\n\n<p>Ortega se\u00f1ala en un comunicado remitido a la Agencia Efe, que el pasado 13 de octubre realiz\u00f3 los tr\u00e1mites de solicitud de asilo pol\u00edtico en Espa\u00f1a asistida por su asesor jur\u00eddico, el abogado Ismael Oliver.<\/p>\n\n\n\n<p>Ortega se exili\u00f3 en Colombia en 2017; tras ser destituida por la Asamblea Nacional Constituyente, que la acus\u00f3 de haber cometido \u00abactos inmorales\u00bb.<\/p>\n\n\n\n<p>Tras sus declaraciones, a\u00f1ade el comunicado, \u00ablas fuerzas militares asaltaron\u00bb las instalaciones de la Fiscal\u00eda, que fue \u00abatacada con turbas violentas vinculadas al oficialismo\u00bb.<\/p>\n\n\n\n<p>Esta acciones -explica el documento- provocaron \u00abrepresalias\u00bb contra de ella y su familia; \u00absometi\u00e9ndola a persecuci\u00f3n y a amenazas contra su libertad y su integridad f\u00edsica\u00bb.<\/p>\n\n\n\n<p>Se refugi\u00f3 en Colombia, donde las autoridades le dieron protecci\u00f3n internacional, le otorgaron la condici\u00f3n de refugiada el 27 de noviembre de 2018 y le proporcionaron una medida especial de protecci\u00f3n.<\/p>\n\n\n\n<p>La exfiscal general realiz\u00f3 tambi\u00e9n gestiones con la Corte Penal Internacional, \u00aba la que aport\u00f3 pruebas documentales\u00bb de la \u00abviolaci\u00f3n sistem\u00e1tica\u00bb de los derechos humanos.<\/p>\n\n\n\n<p><strong>EFE<\/strong><\/p>\n","protected":false},"excerpt":{"rendered":"<p>La exfiscal general de Venezuela Luisa Ortega D\u00edaz, ha solicitado protecci\u00f3n internacional al Gobierno de Espa\u00f1a. Ortega se\u00f1ala en un comunicado remitido a la Agencia Efe, que el pasado 13 de octubre realiz\u00f3 los tr\u00e1mites de solicitud de asilo pol\u00edtico en Espa\u00f1a asistida por su asesor jur\u00eddico, el abogado Ismael Oliver. Ortega se exili\u00f3 en [&hellip;]<\/p>\n","protected":false},"author":2,"featured_media":201088,"comment_status":"closed","ping_status":"closed","sticky":false,"template":"","format":"standard","meta":{"footnotes":""},"categories":[5,11],"tags":[],"class_list":{"0":"post-201087","1":"post","2":"type-post","3":"status-publish","4":"format-standard","5":"has-post-thumbnail","7":"category-destacado","8":"category-politica"},"_links":{"self":[{"href":"https:\/\/elluchador.info\/index.php?rest_route=\/wp\/v2\/posts\/201087","targetHints":{"allow":["GET"]}}],"collection":[{"href":"https:\/\/elluchador.info\/index.php?rest_route=\/wp\/v2\/posts"}],"about":[{"href":"https:\/\/elluchador.info\/index.php?rest_route=\/wp\/v2\/types\/post"}],"author":[{"embeddable":true,"href":"https:\/\/elluchador.info\/index.php?rest_route=\/wp\/v2\/users\/2"}],"replies":[{"embeddable":true,"href":"https:\/\/elluchador.info\/index.php?rest_route=%2Fwp%2Fv2%2Fcomments&post=201087"}],"version-history":[{"count":1,"href":"https:\/\/elluchador.info\/index.php?rest_route=\/wp\/v2\/posts\/201087\/revisions"}],"predecessor-version":[{"id":201089,"href":"https:\/\/elluchador.info\/index.php?rest_route=\/wp\/v2\/posts\/201087\/revisions\/201089"}],"wp:featuredmedia":[{"embeddable":true,"href":"https:\/\/elluchador.info\/index.php?rest_route=\/wp\/v2\/media\/201088"}],"wp:attachment":[{"href":"https:\/\/elluchador.info\/index.php?rest_route=%2Fwp%2Fv2%2Fmedia&parent=201087"}],"wp:term":[{"taxonomy":"category","embeddable":true,"href":"https:\/\/elluchador.info\/index.php?rest_route=%2Fwp%2Fv2%2Fcategories&post=201087"},{"taxonomy":"post_tag","embeddable":true,"href":"https:\/\/elluchador.info\/index.php?rest_route=%2Fwp%2Fv2%2Ftags&post=201087"}],"curies":[{"name":"wp","href":"https:\/\/api.w.org\/{rel}","templated":true}]}}