{"id":201095,"date":"2021-10-26T08:46:50","date_gmt":"2021-10-26T12:46:50","guid":{"rendered":"https:\/\/elluchador.info\/web\/?p=201095"},"modified":"2021-10-26T08:46:54","modified_gmt":"2021-10-26T12:46:54","slug":"transporte-publico-sera-gratuito-para-los-estudiantes-en-todo-el-pais","status":"publish","type":"post","link":"https:\/\/elluchador.info\/?p=201095","title":{"rendered":"Transporte p\u00fablico ser\u00e1 gratuito para los estudiantes en todo el pa\u00eds"},"content":{"rendered":"\n<p>Todo el sistema de transporte p\u00fablico dependiente del Ministerio de Transporte, gobernaciones y alcald\u00edas, prestar\u00e1 servicio de manera gratuita a los estudiantes en todo el pa\u00eds.<\/p>\n\n\n\n<p>El ministro de Transporte, Hip\u00f3lito Abreu, inform\u00f3 que los estudiantes debidamente identificados podr\u00e1n hacer uso de las unidades en rutas urbanas y suburbanas.<\/p>\n\n\n\n<p>Las&nbsp;<a href=\"https:\/\/www.elnacional.com\/venezuela\/internet-gratuito-para-las-escuelas-y-pasaje-estudiantil-digital-las-promesas-de-maduro-para-el-regreso-a-clases-presenciales\/\" target=\"_blank\" rel=\"noreferrer noopener\">clases presenciales<\/a>&nbsp;en todos los niveles \u2014primaria, secundaria y universitaria\u2014 comenzaron el lunes 25 de octubre tras el anuncio de Nicol\u00e1s Maduro el pasado 3 de octubre.<\/p>\n\n\n\n<p>\u201cQuiero anunciar que a nivel de toda la educaci\u00f3n primaria, secundaria y universitaria que nos preparemos para reiniciar las clases presenciales con extrema bioseguridad\u201d, manifest\u00f3 el oficialista durante una alocuci\u00f3n transmitida por los medios oficiales.<\/p>\n\n\n\n<p>Maduro dijo que est\u00e1n evaluando las mejores condiciones. Pero docentes venezolanos han protestado y rechazado el reinicio de las actividades porque consideran que no hay las condiciones ni los equipos necesarios de protecci\u00f3n.<\/p>\n\n\n\n<p>Recientemente el oficialista hizo un llamado a los estudiantes y transportistas para que se inscriban en el Registro Nacional de Veticket, a trav\u00e9s del sistema Patria, con la finalidad de que ejecutar por esa v\u00eda el pago automatizado del pasaje.<\/p>\n\n\n\n<figure class=\"wp-block-embed is-type-rich is-provider-twitter wp-block-embed-twitter\"><div class=\"wp-block-embed__wrapper\">\n<blockquote class=\"twitter-tweet\" data-width=\"550\" data-dnt=\"true\"><p lang=\"es\" dir=\"ltr\">En el reinicio de clases presenciales impulsado por el Presidente <a href=\"https:\/\/twitter.com\/NicolasMaduro?ref_src=twsrc%5Etfw\">@NicolasMaduro<\/a>, todo el sistema de transporte p\u00fablico dependiente del MPPT, gobernaciones y alcald\u00edas transportar\u00e1 de manera gratuita en rutas urbanas y suburbanas a todo estudiante debidamente identificado.<\/p>&mdash; Hip\u00f3lito Abreu (@HipolitoAbreup) <a href=\"https:\/\/twitter.com\/HipolitoAbreup\/status\/1452276189020704775?ref_src=twsrc%5Etfw\">October 24, 2021<\/a><\/blockquote><script async src=\"https:\/\/platform.twitter.com\/widgets.js\" charset=\"utf-8\"><\/script>\n<\/div><\/figure>\n\n\n\n<figure class=\"wp-block-embed is-type-rich is-provider-twitter wp-block-embed-twitter\"><div class=\"wp-block-embed__wrapper\">\n<blockquote class=\"twitter-tweet\" data-width=\"550\" data-dnt=\"true\"><p lang=\"es\" dir=\"ltr\">\u00a1Atenci\u00f3n Venezuela! En el marco del regreso a las clases, llamo a los estudiantes y transportistas a inscribirse en el Registro Nacional de VeTicket, a trav\u00e9s del Sistema Patria, esto permitir\u00e1 el pago automatizado del pasaje estudiantil. Reg\u00edstrate AQU\u00cd  <a href=\"https:\/\/t.co\/ghEfn0RwXy\">https:\/\/t.co\/ghEfn0RwXy<\/a> <a href=\"https:\/\/t.co\/8uu48LjhJn\">pic.twitter.com\/8uu48LjhJn<\/a><\/p>&mdash; Nicol\u00e1s Maduro (@NicolasMaduro) <a href=\"https:\/\/twitter.com\/NicolasMaduro\/status\/1452267851272933378?ref_src=twsrc%5Etfw\">October 24, 2021<\/a><\/blockquote><script async src=\"https:\/\/platform.twitter.com\/widgets.js\" charset=\"utf-8\"><\/script>\n<\/div><\/figure>\n\n\n\n<p><strong>El Nacional<\/strong><\/p>\n","protected":false},"excerpt":{"rendered":"<p>Todo el sistema de transporte p\u00fablico dependiente del Ministerio de Transporte, gobernaciones y alcald\u00edas, prestar\u00e1 servicio de manera gratuita a los estudiantes en todo el pa\u00eds. El ministro de Transporte, Hip\u00f3lito Abreu, inform\u00f3 que los estudiantes debidamente identificados podr\u00e1n hacer uso de las unidades en rutas urbanas y suburbanas. Las&nbsp;clases presenciales&nbsp;en todos los niveles \u2014primaria, [&hellip;]<\/p>\n","protected":false},"author":2,"featured_media":201096,"comment_status":"closed","ping_status":"closed","sticky":false,"template":"","format":"standard","meta":{"footnotes":""},"categories":[5,9],"tags":[],"class_list":{"0":"post-201095","1":"post","2":"type-post","3":"status-publish","4":"format-standard","5":"has-post-thumbnail","7":"category-destacado","8":"category-nacionales"},"_links":{"self":[{"href":"https:\/\/elluchador.info\/index.php?rest_route=\/wp\/v2\/posts\/201095","targetHints":{"allow":["GET"]}}],"collection":[{"href":"https:\/\/elluchador.info\/index.php?rest_route=\/wp\/v2\/posts"}],"about":[{"href":"https:\/\/elluchador.info\/index.php?rest_route=\/wp\/v2\/types\/post"}],"author":[{"embeddable":true,"href":"https:\/\/elluchador.info\/index.php?rest_route=\/wp\/v2\/users\/2"}],"replies":[{"embeddable":true,"href":"https:\/\/elluchador.info\/index.php?rest_route=%2Fwp%2Fv2%2Fcomments&post=201095"}],"version-history":[{"count":1,"href":"https:\/\/elluchador.info\/index.php?rest_route=\/wp\/v2\/posts\/201095\/revisions"}],"predecessor-version":[{"id":201097,"href":"https:\/\/elluchador.info\/index.php?rest_route=\/wp\/v2\/posts\/201095\/revisions\/201097"}],"wp:featuredmedia":[{"embeddable":true,"href":"https:\/\/elluchador.info\/index.php?rest_route=\/wp\/v2\/media\/201096"}],"wp:attachment":[{"href":"https:\/\/elluchador.info\/index.php?rest_route=%2Fwp%2Fv2%2Fmedia&parent=201095"}],"wp:term":[{"taxonomy":"category","embeddable":true,"href":"https:\/\/elluchador.info\/index.php?rest_route=%2Fwp%2Fv2%2Fcategories&post=201095"},{"taxonomy":"post_tag","embeddable":true,"href":"https:\/\/elluchador.info\/index.php?rest_route=%2Fwp%2Fv2%2Ftags&post=201095"}],"curies":[{"name":"wp","href":"https:\/\/api.w.org\/{rel}","templated":true}]}}