{"id":201118,"date":"2021-10-26T12:40:24","date_gmt":"2021-10-26T16:40:24","guid":{"rendered":"https:\/\/elluchador.info\/web\/?p=201118"},"modified":"2021-10-26T12:40:26","modified_gmt":"2021-10-26T16:40:26","slug":"estudiantes-defendieron-la-autonomia-universitaria-y-rechazaron-la-designacion-de-tibisay-lucena","status":"publish","type":"post","link":"https:\/\/elluchador.info\/?p=201118","title":{"rendered":"Estudiantes defendieron la autonom\u00eda universitaria y rechazaron la designaci\u00f3n de Tibisay Lucena"},"content":{"rendered":"\n<p>Estudiantes de la Universidad Central de Venezuela (UCV)&nbsp;<a href=\"https:\/\/www.elnacional.com\/venezuela\/que-opinan-los-estudiantes-venezolanos-de-la-designacion-de-tibisay-lucena-como-ministra-de-educacion-universitaria\/\" target=\"_blank\" rel=\"noreferrer noopener\">protestaron<\/a>&nbsp;en la ma\u00f1ana del lunes 25 de octubre por las nuevas&nbsp;<strong>designaciones ministeriales<\/strong>&nbsp;realizadas por Nicol\u00e1s Maduro en las que se decidi\u00f3 que Tibisay Lucena ser\u00e1 la nueva Ministra de Educaci\u00f3n Superior en Venezuela.<\/p>\n\n\n\n<p>La protesta de los estudiantes tuvo lugar en<strong>\u00a0las afueras del Ministerio de Educaci\u00f3n Superior<\/strong>\u00a0a donde acudieron con diferentes pancartas en las que plasmaron frases como \u201cFuera Lucena de la universidad\u00bb, \u00abLucena destruy\u00f3 el CNE\u00bb y \u00abMaduro es sombra\u00bb.<\/p>\n\n\n\n<p>En la manifestaci\u00f3n, los manifestantes tambi\u00e9n rechazaron la designaci\u00f3n de&nbsp;<strong>Jacqueline Faria como protectora de la casa de estudios<\/strong>. Asimismo, se\u00f1alaron que Nicol\u00e1s Maduro sigue siendo la sombra de la educaci\u00f3n puesto que visit\u00f3 el campus de la instituci\u00f3n en horas de la noche la semana pasada.<\/p>\n\n\n\n<p>\u201cHoy los estudiantes amanecimos en el Ministerio de Educaci\u00f3n Superior para se\u00f1alar que Tibisay Lucena es una verg\u00fcenza para la universidad venezolana. Si piensan que podr\u00e1n tomar la UCV como el CNE\u00a0<strong>est\u00e1n muy equivocados.<\/strong>\u00a0La autonom\u00eda se defiende y que Maduro haya visitado el campus en la noche demuestra el miedo que le tiene a la universidad. Maduro seguir\u00e1 siendo la sombra de la Academia venezolana\u201d, afirm\u00f3 Jes\u00fas Mendoza Morales, consejero universitario y presidente del CEO-UCV.<\/p>\n\n\n\n<figure class=\"wp-block-embed is-type-rich is-provider-twitter wp-block-embed-twitter\"><div class=\"wp-block-embed__wrapper\">\n<blockquote class=\"twitter-tweet\" data-width=\"550\" data-dnt=\"true\"><p lang=\"es\" dir=\"ltr\"><a href=\"https:\/\/twitter.com\/hashtag\/AlMomento?src=hash&amp;ref_src=twsrc%5Etfw\">#AlMomento<\/a> | Estudiantes protestan en la sede de la @opsuVzla en rechazo a @TibisayLucena8 quien fuese designada como Ministra de Educaci\u00f3n Universitaria y en contra de la pretensi\u00f3n del r\u00e9gimen de designar a <a href=\"https:\/\/twitter.com\/JacquelinePSUV?ref_src=twsrc%5Etfw\">@JacquelinePSUV<\/a> como protectora de la UCV<a href=\"https:\/\/twitter.com\/hashtag\/LaUCVSeRespeta?src=hash&amp;ref_src=twsrc%5Etfw\">#LaUCVSeRespeta<\/a> <a href=\"https:\/\/t.co\/T3SamWuIOc\">pic.twitter.com\/T3SamWuIOc<\/a><\/p>&mdash; Viva la UCV (@VivaLaUCV) <a href=\"https:\/\/twitter.com\/VivaLaUCV\/status\/1452637665921310749?ref_src=twsrc%5Etfw\">October 25, 2021<\/a><\/blockquote><script async src=\"https:\/\/platform.twitter.com\/widgets.js\" charset=\"utf-8\"><\/script>\n<\/div><\/figure>\n\n\n\n<figure class=\"wp-block-embed is-type-rich is-provider-twitter wp-block-embed-twitter\"><div class=\"wp-block-embed__wrapper\">\n<blockquote class=\"twitter-tweet\" data-width=\"550\" data-dnt=\"true\"><p lang=\"es\" dir=\"ltr\"><a href=\"https:\/\/twitter.com\/hashtag\/VIDEO?src=hash&amp;ref_src=twsrc%5Etfw\">#VIDEO<\/a> | Estudiantes empapelan el ministerio de educaci\u00f3n superior en protesta y rechazo a las nuevas designaciones ministeriales de Tibisay Lucena, la aparici\u00f3n sorpresa de Maduro en la UCV, dicen \u201cMaduro es la sombra\u201d y piden un presupuesto justo. <a href=\"https:\/\/twitter.com\/hashtag\/25Oct?src=hash&amp;ref_src=twsrc%5Etfw\">#25Oct<\/a> <a href=\"https:\/\/t.co\/TDvm2FPNRG\">pic.twitter.com\/TDvm2FPNRG<\/a><\/p>&mdash; PeriodistaAlejo (@PeriodistaAlejo) <a href=\"https:\/\/twitter.com\/PeriodistaAlejo\/status\/1452650567801655301?ref_src=twsrc%5Etfw\">October 25, 2021<\/a><\/blockquote><script async src=\"https:\/\/platform.twitter.com\/widgets.js\" charset=\"utf-8\"><\/script>\n<\/div><\/figure>\n\n\n\n<figure class=\"wp-block-embed is-type-rich is-provider-twitter wp-block-embed-twitter\"><div class=\"wp-block-embed__wrapper\">\nhttps:\/\/twitter.com\/Class987FM\/status\/1452919501658497027\n<\/div><\/figure>\n\n\n\n<figure class=\"wp-block-embed is-type-rich is-provider-twitter wp-block-embed-twitter\"><div class=\"wp-block-embed__wrapper\">\n<blockquote class=\"twitter-tweet\" data-width=\"550\" data-dnt=\"true\"><p lang=\"es\" dir=\"ltr\"><a href=\"https:\/\/twitter.com\/hashtag\/LARA?src=hash&amp;ref_src=twsrc%5Etfw\">#LARA<\/a> | La comunidad estudiantil del estado Lara, bajo la etiqueta <a href=\"https:\/\/twitter.com\/hashtag\/LaUniVeSeRespeta?src=hash&amp;ref_src=twsrc%5Etfw\">#LaUniVeSeRespeta<\/a>, se uni\u00f3 al rechazo por parte de los universitarios, a la designaci\u00f3n de Tibisay Lucena como Ministra de Educaci\u00f3n Superior y Jaqueline Farias como protectora de la UCV.<a href=\"https:\/\/t.co\/z2GnRSaIu7\">https:\/\/t.co\/z2GnRSaIu7<\/a><\/p>&mdash; Noticias Todos Ahora (@nta_vzla) <a href=\"https:\/\/twitter.com\/nta_vzla\/status\/1452789572560171013?ref_src=twsrc%5Etfw\">October 26, 2021<\/a><\/blockquote><script async src=\"https:\/\/platform.twitter.com\/widgets.js\" charset=\"utf-8\"><\/script>\n<\/div><\/figure>\n\n\n\n<p><strong>El Nacional<\/strong><\/p>\n","protected":false},"excerpt":{"rendered":"<p>Estudiantes de la Universidad Central de Venezuela (UCV)&nbsp;protestaron&nbsp;en la ma\u00f1ana del lunes 25 de octubre por las nuevas&nbsp;designaciones ministeriales&nbsp;realizadas por Nicol\u00e1s Maduro en las que se decidi\u00f3 que Tibisay Lucena ser\u00e1 la nueva Ministra de Educaci\u00f3n Superior en Venezuela. La protesta de los estudiantes tuvo lugar en\u00a0las afueras del Ministerio de Educaci\u00f3n Superior\u00a0a donde acudieron [&hellip;]<\/p>\n","protected":false},"author":2,"featured_media":201119,"comment_status":"closed","ping_status":"closed","sticky":false,"template":"","format":"standard","meta":{"footnotes":""},"categories":[9],"tags":[],"class_list":{"0":"post-201118","1":"post","2":"type-post","3":"status-publish","4":"format-standard","5":"has-post-thumbnail","7":"category-nacionales"},"_links":{"self":[{"href":"https:\/\/elluchador.info\/index.php?rest_route=\/wp\/v2\/posts\/201118","targetHints":{"allow":["GET"]}}],"collection":[{"href":"https:\/\/elluchador.info\/index.php?rest_route=\/wp\/v2\/posts"}],"about":[{"href":"https:\/\/elluchador.info\/index.php?rest_route=\/wp\/v2\/types\/post"}],"author":[{"embeddable":true,"href":"https:\/\/elluchador.info\/index.php?rest_route=\/wp\/v2\/users\/2"}],"replies":[{"embeddable":true,"href":"https:\/\/elluchador.info\/index.php?rest_route=%2Fwp%2Fv2%2Fcomments&post=201118"}],"version-history":[{"count":1,"href":"https:\/\/elluchador.info\/index.php?rest_route=\/wp\/v2\/posts\/201118\/revisions"}],"predecessor-version":[{"id":201120,"href":"https:\/\/elluchador.info\/index.php?rest_route=\/wp\/v2\/posts\/201118\/revisions\/201120"}],"wp:featuredmedia":[{"embeddable":true,"href":"https:\/\/elluchador.info\/index.php?rest_route=\/wp\/v2\/media\/201119"}],"wp:attachment":[{"href":"https:\/\/elluchador.info\/index.php?rest_route=%2Fwp%2Fv2%2Fmedia&parent=201118"}],"wp:term":[{"taxonomy":"category","embeddable":true,"href":"https:\/\/elluchador.info\/index.php?rest_route=%2Fwp%2Fv2%2Fcategories&post=201118"},{"taxonomy":"post_tag","embeddable":true,"href":"https:\/\/elluchador.info\/index.php?rest_route=%2Fwp%2Fv2%2Ftags&post=201118"}],"curies":[{"name":"wp","href":"https:\/\/api.w.org\/{rel}","templated":true}]}}