{"id":201121,"date":"2021-10-26T12:46:14","date_gmt":"2021-10-26T16:46:14","guid":{"rendered":"https:\/\/elluchador.info\/web\/?p=201121"},"modified":"2021-10-26T12:46:17","modified_gmt":"2021-10-26T16:46:17","slug":"iglesia-catolica-comenzo-la-conmemoracion-por-el-nacimiento-del-beato-jose-gregorio-hernandez","status":"publish","type":"post","link":"https:\/\/elluchador.info\/?p=201121","title":{"rendered":"Iglesia cat\u00f3lica comenz\u00f3 la conmemoraci\u00f3n por el nacimiento del beato Jos\u00e9 Gregorio Hern\u00e1ndez"},"content":{"rendered":"\n<p>La Iglesia cat\u00f3lica de Venezuela comenz\u00f3 el lunes la conmemoraci\u00f3n, con una caravana por Caracas, de<strong>&nbsp;la memoria lit\u00fargica y nacimiento del beato Jos\u00e9 Gregorio Hern\u00e1ndez<\/strong>&nbsp;el 26 de octubre de 1864, hace 157 a\u00f1os. Los feligreses pidieron el fin de la pandemia del covid-19.<\/p>\n\n\n\n<p>\u00abEstamos en este momento tan complicado del virus del covid-19 y queremos pedirle a Dios a trav\u00e9s del beato Jos\u00e9 Gregorio Hern\u00e1ndez el fin de la pandemia y tambi\u00e9n como v\u00edspera de la fiesta lit\u00fargica\u00bb, dijo el p\u00e1rroco Gerardo Barrachini a las afueras de la iglesia de Nuestra Se\u00f1ora de La Candelaria, donde reposan los restos del beato.<\/p>\n\n\n\n<figure class=\"wp-block-image\" id=\"attachment_768754\"><img decoding=\"async\" src=\"https:\/\/cdn.elnacional.com\/wp-content\/uploads\/2021\/10\/jose-gregorio-hernandez-2.jpg\" alt=\"\" class=\"wp-image-768754\"\/><figcaption>EFE\/ RAYNER PE\u00d1A R.<\/figcaption><\/figure>\n\n\n\n<p>La actividad comenz\u00f3 desde esa congregaci\u00f3n. Sigui\u00f3 por distintos puntos de la ciudad hasta un mirador ubicado al pie de El \u00c1vila o Warairarepano, donde&nbsp;<a href=\"https:\/\/twitter.com\/bepocar\">el cardenal venezolano Baltasar Porras<\/a>&nbsp;ofici\u00f3 una misa.<\/p>\n\n\n\n<h2 class=\"wp-block-heading\">Primera celebraci\u00f3n lit\u00fargica<\/h2>\n\n\n\n<p>Este martes hubo una eucarist\u00eda en La Candelaria. Se replicar\u00e1 en todas las di\u00f3cesis del pa\u00eds, al ser la primera celebraci\u00f3n lit\u00fargica del beato Jos\u00e9 Gregorio Hern\u00e1ndez.<\/p>\n\n\n\n<p>Porras firm\u00f3 que se organizar\u00e1n otras actividades, tanto en Venezuela como en el exterior, luego de recibir la solicitud de canarios en el pa\u00eds de realizar una procesi\u00f3n con las reliquias del beato. Tambi\u00e9n esperan<strong>&nbsp;pedir por los habitantes de la isla La Palma<\/strong>, en Espa\u00f1a, afectados por la erupci\u00f3n de un volc\u00e1n que ha causado, desde el pasado 19 de septiembre, millonarios da\u00f1os materiales.<\/p>\n\n\n\n<figure class=\"wp-block-image\" id=\"attachment_768758\"><img decoding=\"async\" src=\"https:\/\/cdn.elnacional.com\/wp-content\/uploads\/2021\/10\/jose-gregorio-hernandez-5.jpg\" alt=\"\" class=\"wp-image-768758\"\/><figcaption>EFE\/ RAYNER PE\u00d1A R.<\/figcaption><\/figure>\n\n\n\n<p>El cardenal se\u00f1al\u00f3 que&nbsp;<strong>el proceso de canonizaci\u00f3n se est\u00e1 desarrollando<\/strong>&nbsp;y que ya se han presentado varios casos de posibles milagros que est\u00e1n en estudio.<\/p>\n\n\n\n<p>El pasado 30 de abril&nbsp;<strong>beatificaron al m\u00e9dico venezolano en Caracas<\/strong>. Esto luego de la aprobaci\u00f3n del papa Francisco, quien verific\u00f3 el milagro concedido a Yaxury Sol\u00f3rzano, a quien los m\u00e9dicos no daban esperanzas de vida tras recibir un disparo en la cabeza.<\/p>\n\n\n\n<figure class=\"wp-block-image\" id=\"attachment_768760\"><img decoding=\"async\" src=\"https:\/\/cdn.elnacional.com\/wp-content\/uploads\/2021\/10\/jose-gregorio-hernandez-1.jpg\" alt=\"\" class=\"wp-image-768760\"\/><figcaption>EFE\/ RAYNER PE\u00d1A R.<\/figcaption><\/figure>\n\n\n\n<p>El acto estuvo encabezado por el entonces nuncio apost\u00f3lico en Venezuela, Aldo Giordano, y en presencia de las autoridades eclesi\u00e1sticas.&nbsp;<strong>El m\u00e9dico de los pobres se convirti\u00f3 en el primer beato del pa\u00eds<\/strong>. Se espera que, pr\u00f3ximamente, reciba la canonizaci\u00f3n para lo que se debe aportar la veracidad de un segundo milagro.<\/p>\n\n\n\n<p>\u00ab<a href=\"https:\/\/www.elnacional.com\/venezuela\/jose-gregorio-hernandez-de-ahora-en-adelante-sea-llamado-beato\/\">De ahora en adelante sea llamado beato<\/a>\u00a0y que sea celebrado cada a\u00f1o en los lugares y seg\u00fan las reglas establecidas por el derecho el 26 de octubre\u00bb, dijo Giordano en la ceremonia de beatificaci\u00f3n.<\/p>\n\n\n\n<p><strong>El Nacional<\/strong><\/p>\n","protected":false},"excerpt":{"rendered":"<p>La Iglesia cat\u00f3lica de Venezuela comenz\u00f3 el lunes la conmemoraci\u00f3n, con una caravana por Caracas, de&nbsp;la memoria lit\u00fargica y nacimiento del beato Jos\u00e9 Gregorio Hern\u00e1ndez&nbsp;el 26 de octubre de 1864, hace 157 a\u00f1os. Los feligreses pidieron el fin de la pandemia del covid-19. \u00abEstamos en este momento tan complicado del virus del covid-19 y queremos [&hellip;]<\/p>\n","protected":false},"author":2,"featured_media":201122,"comment_status":"closed","ping_status":"closed","sticky":false,"template":"","format":"standard","meta":{"footnotes":""},"categories":[5,9],"tags":[],"class_list":{"0":"post-201121","1":"post","2":"type-post","3":"status-publish","4":"format-standard","5":"has-post-thumbnail","7":"category-destacado","8":"category-nacionales"},"_links":{"self":[{"href":"https:\/\/elluchador.info\/index.php?rest_route=\/wp\/v2\/posts\/201121","targetHints":{"allow":["GET"]}}],"collection":[{"href":"https:\/\/elluchador.info\/index.php?rest_route=\/wp\/v2\/posts"}],"about":[{"href":"https:\/\/elluchador.info\/index.php?rest_route=\/wp\/v2\/types\/post"}],"author":[{"embeddable":true,"href":"https:\/\/elluchador.info\/index.php?rest_route=\/wp\/v2\/users\/2"}],"replies":[{"embeddable":true,"href":"https:\/\/elluchador.info\/index.php?rest_route=%2Fwp%2Fv2%2Fcomments&post=201121"}],"version-history":[{"count":1,"href":"https:\/\/elluchador.info\/index.php?rest_route=\/wp\/v2\/posts\/201121\/revisions"}],"predecessor-version":[{"id":201123,"href":"https:\/\/elluchador.info\/index.php?rest_route=\/wp\/v2\/posts\/201121\/revisions\/201123"}],"wp:featuredmedia":[{"embeddable":true,"href":"https:\/\/elluchador.info\/index.php?rest_route=\/wp\/v2\/media\/201122"}],"wp:attachment":[{"href":"https:\/\/elluchador.info\/index.php?rest_route=%2Fwp%2Fv2%2Fmedia&parent=201121"}],"wp:term":[{"taxonomy":"category","embeddable":true,"href":"https:\/\/elluchador.info\/index.php?rest_route=%2Fwp%2Fv2%2Fcategories&post=201121"},{"taxonomy":"post_tag","embeddable":true,"href":"https:\/\/elluchador.info\/index.php?rest_route=%2Fwp%2Fv2%2Ftags&post=201121"}],"curies":[{"name":"wp","href":"https:\/\/api.w.org\/{rel}","templated":true}]}}