{"id":201127,"date":"2021-10-26T16:14:48","date_gmt":"2021-10-26T20:14:48","guid":{"rendered":"https:\/\/elluchador.info\/web\/?p=201127"},"modified":"2021-10-26T17:54:29","modified_gmt":"2021-10-26T21:54:29","slug":"murio-david-nieves-el-que-sostuvo-con-su-palabra-el-corazon-del-pueblo","status":"publish","type":"post","link":"https:\/\/elluchador.info\/?p=201127","title":{"rendered":"Muri\u00f3 David Nieves, el que sostuvo con su palabra el coraz\u00f3n del pueblo"},"content":{"rendered":"\n<p>Todo el personal directivo, obrero y trabajador de la Direcci\u00f3n General de Participaci\u00f3n Ciudadana de la Asamblea Nacional Direcci\u00f3n de Medios Alternativos y Comunitarios, Direcci\u00f3n de Cultura y Direcci\u00f3n de Promoci\u00f3n), hacen un alto en sus labores cotidianas para acompa\u00f1ar, en su \u00faltima morada, los restos del legendario David Nieves.<\/p>\n\n\n\n<p>Jos\u00e9 Perales, Director de Participaci\u00f3n Ciudadana de la AN manifest\u00f3 qu\u00e9\u2026 \u201cDavid Nieves, fue un revolucionario ejemplar y amigo de esta casa, en muchas oportunidades sostuvo encuentros y reuniones con Dar\u00edo Vivas y estoy seguro que all\u00e1 en el cielo igual deben estar reunidos pero en esta oportunidad con nuestro Comandante Supremo Hugo Ch\u00e1vez Fr\u00edas. Nieves dedic\u00f3 su vida por la liberaci\u00f3n de nuestra Patria, luch\u00f3 incansablemente al lado de muchos combatientes, como por ejemplo: Jorge Rodr\u00edguez (Padre), entre otros. Hoy, nuestro aporte y agradecimiento ser\u00e1 acompa\u00f1arlo en su Capilla Ardiente para demostrarle que nunca estuvo solo en su lucha y defenderemos esta segunda Independencia como \u00e9l lo hizo, con su propia vida\u201d.&nbsp; <strong>&nbsp;<\/strong><\/p>\n\n\n\n<p>Venezuela ha perdido hombres importantes que han hecho historia en nuestro pa\u00eds, David Nieves, represent\u00f3, representa y representar\u00e1 la inspiraci\u00f3n m\u00e1s hermosa y so\u00f1adora que cada revolucionario pondr\u00e1 en primer plano en momentos de unidad, lucha, batalla y victoria. <\/p>\n\n\n\n<p><strong>Alcides Martinez<\/strong>&nbsp;<\/p>\n","protected":false},"excerpt":{"rendered":"<p>Todo el personal directivo, obrero y trabajador de la Direcci\u00f3n General de Participaci\u00f3n Ciudadana de la Asamblea Nacional Direcci\u00f3n de Medios Alternativos y Comunitarios, Direcci\u00f3n de Cultura y Direcci\u00f3n de Promoci\u00f3n), hacen un alto en sus labores cotidianas para acompa\u00f1ar, en su \u00faltima morada, los restos del legendario David Nieves. Jos\u00e9 Perales, Director de Participaci\u00f3n [&hellip;]<\/p>\n","protected":false},"author":2,"featured_media":201128,"comment_status":"closed","ping_status":"closed","sticky":false,"template":"","format":"standard","meta":{"footnotes":""},"categories":[12],"tags":[],"class_list":{"0":"post-201127","1":"post","2":"type-post","3":"status-publish","4":"format-standard","5":"has-post-thumbnail","7":"category-regionales"},"_links":{"self":[{"href":"https:\/\/elluchador.info\/index.php?rest_route=\/wp\/v2\/posts\/201127","targetHints":{"allow":["GET"]}}],"collection":[{"href":"https:\/\/elluchador.info\/index.php?rest_route=\/wp\/v2\/posts"}],"about":[{"href":"https:\/\/elluchador.info\/index.php?rest_route=\/wp\/v2\/types\/post"}],"author":[{"embeddable":true,"href":"https:\/\/elluchador.info\/index.php?rest_route=\/wp\/v2\/users\/2"}],"replies":[{"embeddable":true,"href":"https:\/\/elluchador.info\/index.php?rest_route=%2Fwp%2Fv2%2Fcomments&post=201127"}],"version-history":[{"count":2,"href":"https:\/\/elluchador.info\/index.php?rest_route=\/wp\/v2\/posts\/201127\/revisions"}],"predecessor-version":[{"id":201151,"href":"https:\/\/elluchador.info\/index.php?rest_route=\/wp\/v2\/posts\/201127\/revisions\/201151"}],"wp:featuredmedia":[{"embeddable":true,"href":"https:\/\/elluchador.info\/index.php?rest_route=\/wp\/v2\/media\/201128"}],"wp:attachment":[{"href":"https:\/\/elluchador.info\/index.php?rest_route=%2Fwp%2Fv2%2Fmedia&parent=201127"}],"wp:term":[{"taxonomy":"category","embeddable":true,"href":"https:\/\/elluchador.info\/index.php?rest_route=%2Fwp%2Fv2%2Fcategories&post=201127"},{"taxonomy":"post_tag","embeddable":true,"href":"https:\/\/elluchador.info\/index.php?rest_route=%2Fwp%2Fv2%2Ftags&post=201127"}],"curies":[{"name":"wp","href":"https:\/\/api.w.org\/{rel}","templated":true}]}}