{"id":201138,"date":"2021-10-26T17:36:53","date_gmt":"2021-10-26T21:36:53","guid":{"rendered":"https:\/\/elluchador.info\/web\/?p=201138"},"modified":"2021-10-26T17:36:55","modified_gmt":"2021-10-26T21:36:55","slug":"la-bienal-en-la-cuadra-llego-a-la-comunidad-de-perro-seco","status":"publish","type":"post","link":"https:\/\/elluchador.info\/?p=201138","title":{"rendered":"La Bienal en la cuadra lleg\u00f3 a la comunidad de Perro Seco"},"content":{"rendered":"\n<p> La actividad estuvo presidida por el ministro del Poder Popular para la Cultura, Ernesto Villegas Poljak; la viceministra del Poder Popular para la Cultura, Mary Penjeam. <\/p>\n\n\n\n<p>Con un ambiente de alegr\u00eda y mucho colorido en la comunidad de Perro Seco en Ciudad Bol\u00edvar, se dio inicio al proyecto de La Bienal en la cuadra, la cual forma parte de la IV Bienal del Sur, con el objetivo de llevar a trav\u00e9s de las artes pl\u00e1sticas la pintura en las comunidades.<\/p>\n\n\n\n<p>La actividad estuvo presidida por el ministro del Poder Popular para la Cultura, Ernesto Villegas Poljak; la viceministra del Poder Popular para la Cultura, Mary Penjeam; el Presidente de la Fundaci\u00f3n Instituto de las Artes de la Imagen y el Espacio (Iartes), \u00d3scar Sotillo; el historiador, Jorge Barrueta; el alcalde de la entidad, Sergio Hern\u00e1ndez; la directora general de la Alcald\u00eda Angostura del Orinoco, Ovany Aguirre; la secretaria de Cultura de la Gobernaci\u00f3n del estado Bol\u00edvar, Perla Garc\u00eda; directores municipales de Cultura, Maricarmen Amador, Educaci\u00f3n, Marisol Garc\u00eda, diputados; concejales; la Red de Articulaci\u00f3n y Acci\u00f3n Sociopol\u00edtica (Raas) y; el poder popular organizado.<\/p>\n\n\n\n<p>El ministro de Cultura, Ernesto Villegas, expres\u00f3 que \u00abestoy contento de estar en Ciudad Bol\u00edvar, hemos venido a participar en una actividad denominada La Bienal en la cuadra, que se enmarca en la IV Bienal del Sur &#8211; Pueblos en Resistencia en Perro Seco, con artistas, l\u00edderes de calle y habitantes del sector\u00bb.<\/p>\n\n\n\n<figure class=\"wp-block-image size-full\"><img loading=\"lazy\" decoding=\"async\" width=\"750\" height=\"963\" src=\"https:\/\/elluchador.info\/web\/wp-content\/uploads\/2021\/10\/IMG-20211026-WA0058.jpg\" alt=\"\" class=\"wp-image-201140\" srcset=\"https:\/\/elluchador.info\/wp-content\/uploads\/2021\/10\/IMG-20211026-WA0058.jpg 750w, https:\/\/elluchador.info\/wp-content\/uploads\/2021\/10\/IMG-20211026-WA0058-234x300.jpg 234w, https:\/\/elluchador.info\/wp-content\/uploads\/2021\/10\/IMG-20211026-WA0058-327x420.jpg 327w, https:\/\/elluchador.info\/wp-content\/uploads\/2021\/10\/IMG-20211026-WA0058-640x822.jpg 640w, https:\/\/elluchador.info\/wp-content\/uploads\/2021\/10\/IMG-20211026-WA0058-681x874.jpg 681w\" sizes=\"auto, (max-width: 750px) 100vw, 750px\" \/><\/figure>\n\n\n\n<p>Resalt\u00f3 que el encuentro es para compartir con los historiadores y participantes de la Red de Memoria Hist\u00f3rica y Patrimonio, al igual qu\u00e9, los compa\u00f1eros de los pueblos ind\u00edgenas para abordar la tarea encomendada por el presidente Constitucional, Nicol\u00e1s Maduro, en dirigir una comisi\u00f3n para el esclarecimiento de la verdad hist\u00f3rica sobre el dominio espa\u00f1ol en Venezuela y el continente.<\/p>\n\n\n\n<p>Por su parte, la viceministra de Cultura, Mary Penjeam, indic\u00f3 que \u00abhemos sido recibidos por esta hermosa comunidad, los grupos ind\u00edgenas, mujeres y hombres que d\u00eda a d\u00eda construyen la patria y muestran la cultura, lo que hacen y sus ra\u00edces\u00bb.<\/p>\n\n\n\n<p>A\u00f1adi\u00f3 que est\u00e1n llevando el mensaje de la descolonizaci\u00f3n a trav\u00e9s de la Comisi\u00f3n de la Verdad y; tambi\u00e9n, La Bienal del Sur en la calle, que consiste en el movimiento cultural de los artistas y pintores que forman parte de la patria grande.<\/p>\n\n\n\n<p>Asimismo, el presidente de Iartes, \u00d3scar Sotillo, apunt\u00f3 que est\u00e1n trabajando en el proyecto La Bienal en la cuadra, junto con las comunidades que est\u00e1n activadas para resaltar el tema cultural.<\/p>\n\n\n\n<p>Es importante mencionar que las autoridades nacionales, regionales y municipales realizaron un recorrido por los espacios del sector para deleitarse con las exposiciones art\u00edsticas, artesanales y gastron\u00f3micas con sello cien por ciento bolivarense.<\/p>\n\n\n\n<p>El alcalde del municipio Angostura del Orinoco, Sergio Hern\u00e1ndez, enfatiz\u00f3 que en Ciudad Bol\u00edvar la identidad est\u00e1 primero, \u00abcomo nos los ense\u00f1\u00f3 nuestro comandante Hugo Ch\u00e1vez, de conocer nuestras ra\u00edces y difundirlo. Gracias a ese trabajo que \u00e9l hizo podemos decir con firmeza que somos libres, soberanos e independientes\u00bb.<\/p>\n\n\n\n<p>Encuentro<\/p>\n\n\n\n<p>Se aprovech\u00f3 la oportunidad para realizar un conversatorio a trav\u00e9s de la \u00abComisi\u00f3n de la Verdad\u00bb para el rescate de la memoria hist\u00f3rica.<\/p>\n\n\n\n<p>El cultor, Neptaly Hurtado, se\u00f1al\u00f3 en el conversatorio que \u00abaqu\u00ed en Angostura naci\u00f3 la patria, la ciudad de la memoria y seguimos construyendo la patria que El Libertador Sim\u00f3n Bol\u00edvar nos dej\u00f3. La oligarqu\u00eda venezolana dej\u00f3 el pensamiento de Sim\u00f3n Bol\u00edvar tapado y lo colocaron en las plazas (&#8230;) Nos ense\u00f1aron que la historia eran fechas, nombres y batallas, pero gracias a Ch\u00e1vez y a Maduro ahora es que estamos construyendo la historia\u201d.<\/p>\n\n\n\n<p>El ministro de Cultura, Ernesto Villegas, asever\u00f3 que \u00abla colonia todav\u00eda existe y est\u00e1 viva en las mentes de las sociedades y esa colonia es la que est\u00e1 detr\u00e1s, tambi\u00e9n, a trav\u00e9s del neocolonialismo que es m\u00e1s o menos como el imperialismo, pero tiene una expresi\u00f3n fuertemente cultural detr\u00e1s de las penurias que han hecho pasar al pueblo venezolano\u00bb.<\/p>\n\n\n\n<figure class=\"wp-block-image size-large\"><img loading=\"lazy\" decoding=\"async\" width=\"1080\" height=\"846\" src=\"https:\/\/elluchador.info\/web\/wp-content\/uploads\/2021\/10\/IMG-20211026-WA0057.jpg\" alt=\"\" class=\"wp-image-201139\" srcset=\"https:\/\/elluchador.info\/wp-content\/uploads\/2021\/10\/IMG-20211026-WA0057.jpg 1080w, https:\/\/elluchador.info\/wp-content\/uploads\/2021\/10\/IMG-20211026-WA0057-300x235.jpg 300w, https:\/\/elluchador.info\/wp-content\/uploads\/2021\/10\/IMG-20211026-WA0057-1024x802.jpg 1024w, https:\/\/elluchador.info\/wp-content\/uploads\/2021\/10\/IMG-20211026-WA0057-768x602.jpg 768w, https:\/\/elluchador.info\/wp-content\/uploads\/2021\/10\/IMG-20211026-WA0057-536x420.jpg 536w, https:\/\/elluchador.info\/wp-content\/uploads\/2021\/10\/IMG-20211026-WA0057-511x400.jpg 511w, https:\/\/elluchador.info\/wp-content\/uploads\/2021\/10\/IMG-20211026-WA0057-640x501.jpg 640w, https:\/\/elluchador.info\/wp-content\/uploads\/2021\/10\/IMG-20211026-WA0057-681x533.jpg 681w\" sizes=\"auto, (max-width: 1080px) 100vw, 1080px\" \/><\/figure>\n\n\n\n<p>Como parte del cronograma tambi\u00e9n se llev\u00f3 a cabo la Inauguraci\u00f3n de la Escuela Comunal para la Descolonizaci\u00f3n \u201cManuel Y\u00e1nez\u00bb. Todo esto para impulsar la cultura y la verdadera esencia del pueblo venezolano.<\/p>\n\n\n\n<p>Villegas aclar\u00f3 que tanto en la actividad de La Bienal de la cuadra y el conversatorio se sinti\u00f3 muy bien por la profundidad de las interacciones de los hombres y mujeres de Perro Seco.<\/p>\n\n\n\n<p>\u00abSe hizo un intercambio sobre la b\u00fasqueda de la verdad hist\u00f3rica sobre los 300 a\u00f1os del colonialismo, que es un tema muy vigente y es el origen de la falla de d\u00f3nde vienen las penurias que han tratado de someter al pueblo venezolano en el camino de su independencia y su soberan\u00eda en los tiempos que corre, por eso un homenaje a la resistencia heroica que todav\u00eda mantiene nuestro pueblo y particularmente nuestro pueblo ind\u00edgena\u00bb.<\/p>\n\n\n\n<p>Pincelada Cultural<\/p>\n\n\n\n<p>Para finalizar la actividad se llev\u00f3 a cabo un sancocho cultural con un conjunto de presentaciones de agrupaciones danc\u00edsticas, musicales y teatro.<\/p>\n\n\n\n<p>Es importante acotar que la creaci\u00f3n de este tipo de espacio de \u00abcultura y arte\u00bb generan el sano y libre esparcimiento de los ni\u00f1os, ni\u00f1as y adolescentes y, a su vez, la uni\u00f3n familiar y vecinal.<\/p>\n\n\n\n<p>Prensa Alcald\u00eda A\/O<\/p>\n","protected":false},"excerpt":{"rendered":"<p>La actividad estuvo presidida por el ministro del Poder Popular para la Cultura, Ernesto Villegas Poljak; la viceministra del Poder Popular para la Cultura, Mary Penjeam. Con un ambiente de alegr\u00eda y mucho colorido en la comunidad de Perro Seco en Ciudad Bol\u00edvar, se dio inicio al proyecto de La Bienal en la cuadra, la [&hellip;]<\/p>\n","protected":false},"author":2,"featured_media":201141,"comment_status":"closed","ping_status":"closed","sticky":false,"template":"","format":"standard","meta":{"footnotes":""},"categories":[5,12],"tags":[],"class_list":{"0":"post-201138","1":"post","2":"type-post","3":"status-publish","4":"format-standard","5":"has-post-thumbnail","7":"category-destacado","8":"category-regionales"},"_links":{"self":[{"href":"https:\/\/elluchador.info\/index.php?rest_route=\/wp\/v2\/posts\/201138","targetHints":{"allow":["GET"]}}],"collection":[{"href":"https:\/\/elluchador.info\/index.php?rest_route=\/wp\/v2\/posts"}],"about":[{"href":"https:\/\/elluchador.info\/index.php?rest_route=\/wp\/v2\/types\/post"}],"author":[{"embeddable":true,"href":"https:\/\/elluchador.info\/index.php?rest_route=\/wp\/v2\/users\/2"}],"replies":[{"embeddable":true,"href":"https:\/\/elluchador.info\/index.php?rest_route=%2Fwp%2Fv2%2Fcomments&post=201138"}],"version-history":[{"count":1,"href":"https:\/\/elluchador.info\/index.php?rest_route=\/wp\/v2\/posts\/201138\/revisions"}],"predecessor-version":[{"id":201142,"href":"https:\/\/elluchador.info\/index.php?rest_route=\/wp\/v2\/posts\/201138\/revisions\/201142"}],"wp:featuredmedia":[{"embeddable":true,"href":"https:\/\/elluchador.info\/index.php?rest_route=\/wp\/v2\/media\/201141"}],"wp:attachment":[{"href":"https:\/\/elluchador.info\/index.php?rest_route=%2Fwp%2Fv2%2Fmedia&parent=201138"}],"wp:term":[{"taxonomy":"category","embeddable":true,"href":"https:\/\/elluchador.info\/index.php?rest_route=%2Fwp%2Fv2%2Fcategories&post=201138"},{"taxonomy":"post_tag","embeddable":true,"href":"https:\/\/elluchador.info\/index.php?rest_route=%2Fwp%2Fv2%2Ftags&post=201138"}],"curies":[{"name":"wp","href":"https:\/\/api.w.org\/{rel}","templated":true}]}}