{"id":201143,"date":"2021-10-26T17:44:19","date_gmt":"2021-10-26T21:44:19","guid":{"rendered":"https:\/\/elluchador.info\/web\/?p=201143"},"modified":"2021-10-26T17:44:21","modified_gmt":"2021-10-26T21:44:21","slug":"policia-municipal-de-caroni-desplego-dispositivo-de-seguridad-cuadrantes-escolares-de-vida-y-paz","status":"publish","type":"post","link":"https:\/\/elluchador.info\/?p=201143","title":{"rendered":"Polic\u00eda Municipal de Caron\u00ed despleg\u00f3 Dispositivo de Seguridad Cuadrantes Escolares de Vida y Paz"},"content":{"rendered":"\n<p>Con el objetivo de garantizar un regreso a clases seguro y progresivo, tal como lo anunci\u00f3 el presidente Nicol\u00e1s Maduro, funcionarios de la Polic\u00eda Municipal de Caron\u00ed (PMC), activaron este martes 26 de octubre, el Dispositivo Especial de Prevenci\u00f3n y Seguridad Ciudadana Cuadrantes Escolares de Vida y Paz, orientado por el por el A\/J Remigio Ceballos Ichaso, ministro del poder popular para las Relaciones Interiores Justicia y Paz y dirigido en Caron\u00ed por el alcalde Tito Oviedo.<\/p>\n\n\n\n<p>Jimmy Mart\u00ednez, comandante de la Polic\u00eda Municipal de Caron\u00ed, detall\u00f3 que la actividad se realiz\u00f3 en la parroquia Unare en Ciudad Guayana, espec\u00edficamente en la Escuela B\u00e1sica Madre Mar\u00eda de San Jos\u00e9, en la que decenas de ni\u00f1os volvieron a sus aulas de clases, cumpliendo todas las medidas de bioseguridad frente al Covid-19.<\/p>\n\n\n\n<p>\u201cEste Dispositivo de Seguridad Ciudadana Regreso a Clases 2021, se enmarca en la Gran Misi\u00f3n Cuadrantes de Paz, que consiste en el despliegue de los uniformados policiales dentro de los cuadrantes en todas las instituciones educativas\u201d. \u00a0\u00a0<br><br>El comandante de la Polic\u00eda Municipal de Caron\u00ed dijo que durante el recorrido por la instituci\u00f3n, los funcionarios \u00a0realizaron diferentes acciones, con el objetivo de \u00a0motivar a los m\u00e1s peque\u00f1os a tomar medidas de prevenci\u00f3n en contra de la pandemia.<\/p>\n\n\n\n<figure class=\"wp-block-image size-full\"><img loading=\"lazy\" decoding=\"async\" width=\"756\" height=\"1008\" src=\"https:\/\/elluchador.info\/web\/wp-content\/uploads\/2021\/10\/04-6.jpg\" alt=\"\" class=\"wp-image-201146\" srcset=\"https:\/\/elluchador.info\/wp-content\/uploads\/2021\/10\/04-6.jpg 756w, https:\/\/elluchador.info\/wp-content\/uploads\/2021\/10\/04-6-225x300.jpg 225w, https:\/\/elluchador.info\/wp-content\/uploads\/2021\/10\/04-6-315x420.jpg 315w, https:\/\/elluchador.info\/wp-content\/uploads\/2021\/10\/04-6-640x853.jpg 640w, https:\/\/elluchador.info\/wp-content\/uploads\/2021\/10\/04-6-681x908.jpg 681w\" sizes=\"auto, (max-width: 756px) 100vw, 756px\" \/><\/figure>\n\n\n\n<p><br><strong>Regreso a clases seguro 2021<\/strong><br><br>Mart\u00ednez detall\u00f3 que dentro de las actividades realizadas este martes, estuvo la bienvenida de los ni\u00f1os que hacen matr\u00edcula escolar en la Escuela B\u00e1sica Madre Mar\u00eda de San Jos\u00e9, colocaci\u00f3n de mascarillas como medida de prevenci\u00f3n frente al Covid-19, interacci\u00f3n entre docentes, alumnos y la comunidad, entrega de golosinas y compartir con los ni\u00f1os, que han vuelto de forma progresiva y presencial a las aulas de clases.<br><br>\u00abCon esta actividad nacional, ordenada por el presidente Nicol\u00e1s Maduro y guiada por el Ministro A\/J Remigio Ceballos Ichaso, queremos que los funcionarios de la Polic\u00eda Municipal, sean testigos y part\u00edcipes de la lucha frente al Covid-19, que generen escenarios amigables de acci\u00f3n y prevenci\u00f3n con los m\u00e1s peque\u00f1os de la casa y que haya un intercambio desde las diferentes instituciones\u00bb.<\/p>\n\n\n\n<p><strong><br>Nobles por la virtud<\/strong><br><br>El personal docente, administrativo y obrero de esta instituci\u00f3n, agradeci\u00f3 la presencia de los funcionarios de la Polic\u00eda Municipal de Caron\u00ed, por regalar a los ni\u00f1os un d\u00eda de alegr\u00eda, seguridad, protecci\u00f3n y diversi\u00f3n, a trav\u00e9s de herramientas de prevenci\u00f3n, que contribuir\u00e1n a su desenvolvimiento en las aulas de clases, mientras se cuidan del Covid-19.<br><br>\u00abSeguiremos siendo nobles por la virtud, lo m\u00e1s importante es facilitar el regreso de los ni\u00f1os y el normal funcionamiento de las instituciones educativas, mantendremos este despliegue en las instituciones, dentro de los Cuadrantes de Paz en el municipio Caron\u00ed.<\/p>\n\n\n\n<p>Trabajamos en funci\u00f3n de resguardar la seguridad de las familias de Ciudad Guayana e impulsando actividades de este tipo, que incluyan a nuestros ni\u00f1os para que conozcan la importancia de mantenerse protegidos y de aplicar mecanismos de prevenci\u00f3n dentro y fuera de sus hogares\u00bb. Finaliz\u00f3 Mart\u00ednez.<\/p>\n\n\n\n<figure class=\"wp-block-image size-full\"><img loading=\"lazy\" decoding=\"async\" width=\"1008\" height=\"756\" src=\"https:\/\/elluchador.info\/web\/wp-content\/uploads\/2021\/10\/02-3.jpg\" alt=\"\" class=\"wp-image-201145\" srcset=\"https:\/\/elluchador.info\/wp-content\/uploads\/2021\/10\/02-3.jpg 1008w, https:\/\/elluchador.info\/wp-content\/uploads\/2021\/10\/02-3-300x225.jpg 300w, https:\/\/elluchador.info\/wp-content\/uploads\/2021\/10\/02-3-768x576.jpg 768w, https:\/\/elluchador.info\/wp-content\/uploads\/2021\/10\/02-3-560x420.jpg 560w, https:\/\/elluchador.info\/wp-content\/uploads\/2021\/10\/02-3-80x60.jpg 80w, https:\/\/elluchador.info\/wp-content\/uploads\/2021\/10\/02-3-100x75.jpg 100w, https:\/\/elluchador.info\/wp-content\/uploads\/2021\/10\/02-3-180x135.jpg 180w, https:\/\/elluchador.info\/wp-content\/uploads\/2021\/10\/02-3-238x178.jpg 238w, https:\/\/elluchador.info\/wp-content\/uploads\/2021\/10\/02-3-640x480.jpg 640w, https:\/\/elluchador.info\/wp-content\/uploads\/2021\/10\/02-3-681x511.jpg 681w\" sizes=\"auto, (max-width: 1008px) 100vw, 1008px\" \/><\/figure>\n\n\n\n<p>Prensa PM Caron\u00ed<\/p>\n","protected":false},"excerpt":{"rendered":"<p>Con el objetivo de garantizar un regreso a clases seguro y progresivo, tal como lo anunci\u00f3 el presidente Nicol\u00e1s Maduro, funcionarios de la Polic\u00eda Municipal de Caron\u00ed (PMC), activaron este martes 26 de octubre, el Dispositivo Especial de Prevenci\u00f3n y Seguridad Ciudadana Cuadrantes Escolares de Vida y Paz, orientado por el por el A\/J Remigio [&hellip;]<\/p>\n","protected":false},"author":2,"featured_media":201144,"comment_status":"closed","ping_status":"closed","sticky":false,"template":"","format":"standard","meta":{"footnotes":""},"categories":[5,12],"tags":[],"class_list":{"0":"post-201143","1":"post","2":"type-post","3":"status-publish","4":"format-standard","5":"has-post-thumbnail","7":"category-destacado","8":"category-regionales"},"_links":{"self":[{"href":"https:\/\/elluchador.info\/index.php?rest_route=\/wp\/v2\/posts\/201143","targetHints":{"allow":["GET"]}}],"collection":[{"href":"https:\/\/elluchador.info\/index.php?rest_route=\/wp\/v2\/posts"}],"about":[{"href":"https:\/\/elluchador.info\/index.php?rest_route=\/wp\/v2\/types\/post"}],"author":[{"embeddable":true,"href":"https:\/\/elluchador.info\/index.php?rest_route=\/wp\/v2\/users\/2"}],"replies":[{"embeddable":true,"href":"https:\/\/elluchador.info\/index.php?rest_route=%2Fwp%2Fv2%2Fcomments&post=201143"}],"version-history":[{"count":1,"href":"https:\/\/elluchador.info\/index.php?rest_route=\/wp\/v2\/posts\/201143\/revisions"}],"predecessor-version":[{"id":201147,"href":"https:\/\/elluchador.info\/index.php?rest_route=\/wp\/v2\/posts\/201143\/revisions\/201147"}],"wp:featuredmedia":[{"embeddable":true,"href":"https:\/\/elluchador.info\/index.php?rest_route=\/wp\/v2\/media\/201144"}],"wp:attachment":[{"href":"https:\/\/elluchador.info\/index.php?rest_route=%2Fwp%2Fv2%2Fmedia&parent=201143"}],"wp:term":[{"taxonomy":"category","embeddable":true,"href":"https:\/\/elluchador.info\/index.php?rest_route=%2Fwp%2Fv2%2Fcategories&post=201143"},{"taxonomy":"post_tag","embeddable":true,"href":"https:\/\/elluchador.info\/index.php?rest_route=%2Fwp%2Fv2%2Ftags&post=201143"}],"curies":[{"name":"wp","href":"https:\/\/api.w.org\/{rel}","templated":true}]}}