{"id":201148,"date":"2021-10-26T17:47:58","date_gmt":"2021-10-26T21:47:58","guid":{"rendered":"https:\/\/elluchador.info\/web\/?p=201148"},"modified":"2021-10-26T17:48:00","modified_gmt":"2021-10-26T21:48:00","slug":"periodista-y-locutor-eduardo-osto-ojeda-asume-direccion-de-brillante-103-9-y-cimarrona-97-3","status":"publish","type":"post","link":"https:\/\/elluchador.info\/?p=201148","title":{"rendered":"Periodista y Locutor, Eduardo Osto Ojeda asume direcci\u00f3n de Brillante 103.9 y Cimarrona 97.3"},"content":{"rendered":"\n<p>El periodista y locutor Eduardo Osto Ojeda asumi\u00f3 la direcci\u00f3n de las estaciones radiales Brillante 103.9 FM y Cimarrona 97.3 FM, de Ciudad Bol\u00edvar.<\/p>\n\n\n\n<p>Osto Ojeda ha destacado como un talentoso comunicador social con una extensa trayectoria de m\u00e1s de 30 a\u00f1os en periodismo institucional, medios impresos, radio, televisi\u00f3n y medios digitales.<\/p>\n\n\n\n<p>En los \u00faltimos tiempos se hab\u00eda dedicado al periodismo radial a trav\u00e9s de la emisora Bolivariana 104.3 FM y conduciendo el espacio As\u00ed va la Cosa, por Brillante 103.9 FM.<\/p>\n\n\n\n<p>\u201cAsumimos esta nueva responsabilidad como parte de nuestro crecimiento profesional y con la humildad que siempre ponemos por delante. Cuento con un gran equipo, con cuyo trabajo lograremos los mejores resultados, traducidos en una mejor radio para nuestros oyentes\u201d, expres\u00f3 Osto Ojeda.<\/p>\n\n\n\n<p>Brillante 103.9 FM es una emisora de corte popular con variada programaci\u00f3n, a cargo de reconocidos profesionales de la locuci\u00f3n.<\/p>\n\n\n\n<p>Cimarrona 97.3 es de corte criollo, con toda la m\u00fasica de arpa, cuatro y maracas.<\/p>\n\n\n\n<p>Especial<\/p>\n","protected":false},"excerpt":{"rendered":"<p>El periodista y locutor Eduardo Osto Ojeda asumi\u00f3 la direcci\u00f3n de las estaciones radiales Brillante 103.9 FM y Cimarrona 97.3 FM, de Ciudad Bol\u00edvar. Osto Ojeda ha destacado como un talentoso comunicador social con una extensa trayectoria de m\u00e1s de 30 a\u00f1os en periodismo institucional, medios impresos, radio, televisi\u00f3n y medios digitales. En los \u00faltimos [&hellip;]<\/p>\n","protected":false},"author":2,"featured_media":201149,"comment_status":"closed","ping_status":"closed","sticky":false,"template":"","format":"standard","meta":{"footnotes":""},"categories":[5,12],"tags":[],"class_list":{"0":"post-201148","1":"post","2":"type-post","3":"status-publish","4":"format-standard","5":"has-post-thumbnail","7":"category-destacado","8":"category-regionales"},"_links":{"self":[{"href":"https:\/\/elluchador.info\/index.php?rest_route=\/wp\/v2\/posts\/201148","targetHints":{"allow":["GET"]}}],"collection":[{"href":"https:\/\/elluchador.info\/index.php?rest_route=\/wp\/v2\/posts"}],"about":[{"href":"https:\/\/elluchador.info\/index.php?rest_route=\/wp\/v2\/types\/post"}],"author":[{"embeddable":true,"href":"https:\/\/elluchador.info\/index.php?rest_route=\/wp\/v2\/users\/2"}],"replies":[{"embeddable":true,"href":"https:\/\/elluchador.info\/index.php?rest_route=%2Fwp%2Fv2%2Fcomments&post=201148"}],"version-history":[{"count":1,"href":"https:\/\/elluchador.info\/index.php?rest_route=\/wp\/v2\/posts\/201148\/revisions"}],"predecessor-version":[{"id":201150,"href":"https:\/\/elluchador.info\/index.php?rest_route=\/wp\/v2\/posts\/201148\/revisions\/201150"}],"wp:featuredmedia":[{"embeddable":true,"href":"https:\/\/elluchador.info\/index.php?rest_route=\/wp\/v2\/media\/201149"}],"wp:attachment":[{"href":"https:\/\/elluchador.info\/index.php?rest_route=%2Fwp%2Fv2%2Fmedia&parent=201148"}],"wp:term":[{"taxonomy":"category","embeddable":true,"href":"https:\/\/elluchador.info\/index.php?rest_route=%2Fwp%2Fv2%2Fcategories&post=201148"},{"taxonomy":"post_tag","embeddable":true,"href":"https:\/\/elluchador.info\/index.php?rest_route=%2Fwp%2Fv2%2Ftags&post=201148"}],"curies":[{"name":"wp","href":"https:\/\/api.w.org\/{rel}","templated":true}]}}