{"id":201152,"date":"2021-10-26T17:57:13","date_gmt":"2021-10-26T21:57:13","guid":{"rendered":"https:\/\/elluchador.info\/web\/?p=201152"},"modified":"2021-10-26T17:57:15","modified_gmt":"2021-10-26T21:57:15","slug":"ex-presidente-de-citgo-fue-hospitalizado-por-una-cardiopatia-leve","status":"publish","type":"post","link":"https:\/\/elluchador.info\/?p=201152","title":{"rendered":"Ex Presidente de Citgo fue hospitalizado por una cardiopat\u00eda leve"},"content":{"rendered":"\n<p>\u201cLe dio una cardiopat\u00eda leve\u201d, dijo Poleo al detallar que el exejecutivo se encuentra internado en una cl\u00ednica privada de Caracas y que su estado de salud es \u201creservado, pero en progreso\u201d.<\/p>\n\n\n\n<p>El expresidente de la filial venezolana Citgo, Jos\u00e9 Pereira, quien fue nuevamente encarcelado hace diez d\u00edas por el organismos de seguridad del gobierno de Nicol\u00e1s Maduro, tras la extradici\u00f3n de Alex Saaab a EEUU, fue hospitalizado\u00a0 por una cardiopat\u00eda leve, seg\u00fan inform\u00f3 una de las abogadas que lleva el caso de los llamados los \u201c6 de Citgo\u201d, Mar\u00eda Alejandra Poleo.<\/p>\n\n\n\n<p>A su vez, Alirio Zambrano, otro de los seis exejecutivos detenidos, est\u00e1 con una \u201cinsuficiencia respiratoria\u201d, una condici\u00f3n que ya padec\u00eda cuando el grupo fue devuelto a prisi\u00f3n despu\u00e9s de que se le revocara la medida de arresto domiciliario.<\/p>\n\n\n\n<p>El arresto de los \u00ab6 de Citgo\u00bb se produjo el mismo d\u00eda en que fue extraditado desde Cabo Verde a Estados Unidos el empresario colombiano \u00c1lex Saab.<\/p>\n\n\n\n<p>Pereira, Zambrano, Tomeu Vadell Recalde, Jorge Luis Toledo Kohury, Gustavo Adolfo C\u00e1rdenas Cardona y Jos\u00e9 Zambrano cumplen una condena de entre 9 y 13 a\u00f1os de prisi\u00f3n por delitos relacionados con corrupci\u00f3n.<\/p>\n\n\n\n<p>Banca y Negocios <\/p>\n","protected":false},"excerpt":{"rendered":"<p>\u201cLe dio una cardiopat\u00eda leve\u201d, dijo Poleo al detallar que el exejecutivo se encuentra internado en una cl\u00ednica privada de Caracas y que su estado de salud es \u201creservado, pero en progreso\u201d. El expresidente de la filial venezolana Citgo, Jos\u00e9 Pereira, quien fue nuevamente encarcelado hace diez d\u00edas por el organismos de seguridad del gobierno [&hellip;]<\/p>\n","protected":false},"author":2,"featured_media":201153,"comment_status":"closed","ping_status":"closed","sticky":false,"template":"","format":"standard","meta":{"footnotes":""},"categories":[5,11],"tags":[],"class_list":{"0":"post-201152","1":"post","2":"type-post","3":"status-publish","4":"format-standard","5":"has-post-thumbnail","7":"category-destacado","8":"category-politica"},"_links":{"self":[{"href":"https:\/\/elluchador.info\/index.php?rest_route=\/wp\/v2\/posts\/201152","targetHints":{"allow":["GET"]}}],"collection":[{"href":"https:\/\/elluchador.info\/index.php?rest_route=\/wp\/v2\/posts"}],"about":[{"href":"https:\/\/elluchador.info\/index.php?rest_route=\/wp\/v2\/types\/post"}],"author":[{"embeddable":true,"href":"https:\/\/elluchador.info\/index.php?rest_route=\/wp\/v2\/users\/2"}],"replies":[{"embeddable":true,"href":"https:\/\/elluchador.info\/index.php?rest_route=%2Fwp%2Fv2%2Fcomments&post=201152"}],"version-history":[{"count":1,"href":"https:\/\/elluchador.info\/index.php?rest_route=\/wp\/v2\/posts\/201152\/revisions"}],"predecessor-version":[{"id":201154,"href":"https:\/\/elluchador.info\/index.php?rest_route=\/wp\/v2\/posts\/201152\/revisions\/201154"}],"wp:featuredmedia":[{"embeddable":true,"href":"https:\/\/elluchador.info\/index.php?rest_route=\/wp\/v2\/media\/201153"}],"wp:attachment":[{"href":"https:\/\/elluchador.info\/index.php?rest_route=%2Fwp%2Fv2%2Fmedia&parent=201152"}],"wp:term":[{"taxonomy":"category","embeddable":true,"href":"https:\/\/elluchador.info\/index.php?rest_route=%2Fwp%2Fv2%2Fcategories&post=201152"},{"taxonomy":"post_tag","embeddable":true,"href":"https:\/\/elluchador.info\/index.php?rest_route=%2Fwp%2Fv2%2Ftags&post=201152"}],"curies":[{"name":"wp","href":"https:\/\/api.w.org\/{rel}","templated":true}]}}