{"id":201200,"date":"2021-10-27T10:16:16","date_gmt":"2021-10-27T14:16:16","guid":{"rendered":"https:\/\/elluchador.info\/web\/?p=201200"},"modified":"2021-10-27T10:16:18","modified_gmt":"2021-10-27T14:16:18","slug":"conaie-convoca-a-segundo-dia-de-protestas-en-ecuador-este-27-de-octubre","status":"publish","type":"post","link":"https:\/\/elluchador.info\/?p=201200","title":{"rendered":"Conaie convoca a segundo d\u00eda de protestas en Ecuador este 27 de octubre"},"content":{"rendered":"\n<p>La Confederaci\u00f3n de Nacionalidades Ind\u00edgenas del Ecuador (Conaie) ha decretado un segundo d\u00eda de protestas y asegur\u00f3 que este mi\u00e9rcoles volver\u00e1 a salir a las calles para exigir sus derechos y una reducci\u00f3n del precio de los combustibles.<\/p>\n\n\n\n<p>En una comparecencia desde la provincia de Cotopaxi, el presidente de la Conaie, Leonidas Iza, puso siete condiciones para regresar a la situaci\u00f3n de calma que, seg\u00fan dijo, fueron acordadas en una reuni\u00f3n virtual del liderazgo de los pueblos y nacionalidades.<\/p>\n\n\n\n<p>Entre ellas, su demanda de que el Ejecutivo rebaje el precio de las gasolinas a su tarifa del 11 de junio, es decir, 1,5 d\u00f3lares por el gal\u00f3n de di\u00e9sel y 2,10 para la ecopa\u00eds y extra.<\/p>\n\n\n\n<p>Ante repetidos incrementos y la indignaci\u00f3n de una parte de la sociedad ecuatoriana, el presidente Guillermo Lasso anunci\u00f3 el viernes una congelaci\u00f3n, pero lo hizo con base al precio del pasado mes de septiembre, superior al que demanda la Conaie y las organizaciones sociales, que este martes protagonizaron una jornada de protesta a escala nacional.<\/p>\n\n\n\n<p>En las manifestaciones, que afectaron a al menos cinco provincias y tuvieron como epicentro a Quito, la capital, fueron detenidas 37 personas.<\/p>\n\n\n\n<p>\u201dExigir al Gobierno nacional la libertad inmediata de todos los compa\u00f1eros detenidos de manera arbitraria, injusta y violenta\u201d, fue la primera de las condiciones del pliego acordado en la Conaie.<\/p>\n\n\n\n<p>Tambi\u00e9n la de exigir al Estado \u201cuna reparaci\u00f3n integral\u201d a todos los \u201chermanos y hermanas atacados\u201d en las protestas de este martes, y que \u201cest\u00e1n heridos en espacios y hospitales producto de la represi\u00f3n policial y militar de la fuerza p\u00fablica\u201d.<\/p>\n\n\n\n<figure class=\"wp-block-embed is-type-rich is-provider-twitter wp-block-embed-twitter\"><div class=\"wp-block-embed__wrapper\">\n<blockquote class=\"twitter-tweet\" data-width=\"550\" data-dnt=\"true\"><p lang=\"es\" dir=\"ltr\">La CONAIE reunido en Consejo Ampliado Virtual tras el an\u00e1lisis del primer d\u00eda de movilizaci\u00f3n y resistencia progresiva nacional resuelve, entre otras cosas, continuar el segundo d\u00eda de movilizaci\u00f3n, apegados al derecho a la resistencia consagrado en la Constituci\u00f3n.<a href=\"https:\/\/twitter.com\/hashtag\/EnUnidad?src=hash&amp;ref_src=twsrc%5Etfw\">#EnUnidad<\/a> <a href=\"https:\/\/t.co\/5C7ZiisNlY\">pic.twitter.com\/5C7ZiisNlY<\/a><\/p>&mdash; CONAIE (@CONAIE_Ecuador) <a href=\"https:\/\/twitter.com\/CONAIE_Ecuador\/status\/1453183821063524355?ref_src=twsrc%5Etfw\">October 27, 2021<\/a><\/blockquote><script async src=\"https:\/\/platform.twitter.com\/widgets.js\" charset=\"utf-8\"><\/script>\n<\/div><\/figure>\n\n\n\n<p>Las concentraciones de la primera jornada de protesta, que el Gobierno valor\u00f3 positivamente con la excepci\u00f3n de un brote de violencia en Quito, fueron convocadas por varios sindicatos y movimientos.<\/p>\n\n\n\n<p>En la comparecencia, Iza no mencion\u00f3 a las otras organizaciones, y se limit\u00f3 a hablar en nombre del movimiento ind\u00edgena y de los pueblos bajo el paraguas de la Conaie.<\/p>\n\n\n\n<p>S\u00ed mencion\u00f3 que, en la reuni\u00f3n, se hab\u00eda acordado \u201cconvocar a las tres (organizaciones ind\u00edgenas) regionales y a amplios sectores sociales a sumarse contra las pol\u00edticas neoliberales impuestas por el Gobierno\u201d.<\/p>\n\n\n\n<figure class=\"wp-block-embed is-type-rich is-provider-twitter wp-block-embed-twitter\"><div class=\"wp-block-embed__wrapper\">\n<blockquote class=\"twitter-tweet\" data-width=\"550\" data-dnt=\"true\"><p lang=\"es\" dir=\"ltr\">Pueblos en resistencia<br><br>En Guaranda las comunidades ind\u00edgenas se suman a la movilizaci\u00f3n, tras la decisi\u00f3n colectiva del movimiento ind\u00edgena de mantener un segundo d\u00eda de movilizaci\u00f3n.<a href=\"https:\/\/twitter.com\/hashtag\/EnUnidad?src=hash&amp;ref_src=twsrc%5Etfw\">#EnUnidad<\/a> <a href=\"https:\/\/twitter.com\/hashtag\/SomosConaie?src=hash&amp;ref_src=twsrc%5Etfw\">#SomosConaie<\/a> <a href=\"https:\/\/t.co\/vrDVCfe5SN\">pic.twitter.com\/vrDVCfe5SN<\/a><\/p>&mdash; CONAIE (@CONAIE_Ecuador) <a href=\"https:\/\/twitter.com\/CONAIE_Ecuador\/status\/1453193957312245763?ref_src=twsrc%5Etfw\">October 27, 2021<\/a><\/blockquote><script async src=\"https:\/\/platform.twitter.com\/widgets.js\" charset=\"utf-8\"><\/script>\n<\/div><\/figure>\n\n\n\n<p>Y ratific\u00f3 el ya declarado \u201cestado de excepci\u00f3n\u201d en los territorios ind\u00edgenas como una forma de \u201cresistencia\u201d contra \u201cla presencia de militares que entraron a nuestros hogares a amedrentar a nuestras familias e incluso para generar robo\u201d.<\/p>\n\n\n\n<figure class=\"wp-block-embed is-type-rich is-provider-twitter wp-block-embed-twitter\"><div class=\"wp-block-embed__wrapper\">\n<blockquote class=\"twitter-tweet\" data-width=\"550\" data-dnt=\"true\"><p lang=\"es\" dir=\"ltr\">As\u00ed fue la entrada pac\u00edfica a la ciudad de Guaranda, de miles de mujeres, hombres y j\u00f3venes pertenecientes a las comunidades y organizaciones bases de la Fecab Brunari en Bol\u00edvar.<a href=\"https:\/\/twitter.com\/hashtag\/EnUnidad?src=hash&amp;ref_src=twsrc%5Etfw\">#EnUnidad<\/a> <a href=\"https:\/\/twitter.com\/hashtag\/SomosConaie?src=hash&amp;ref_src=twsrc%5Etfw\">#SomosConaie<\/a> <a href=\"https:\/\/t.co\/joWyLT37Jm\">pic.twitter.com\/joWyLT37Jm<\/a><\/p>&mdash; CONAIE (@CONAIE_Ecuador) <a href=\"https:\/\/twitter.com\/CONAIE_Ecuador\/status\/1453228851685904386?ref_src=twsrc%5Etfw\">October 27, 2021<\/a><\/blockquote><script async src=\"https:\/\/platform.twitter.com\/widgets.js\" charset=\"utf-8\"><\/script>\n<\/div><\/figure>\n\n\n\n<p>Dos de esos militares, reconoci\u00f3 este martes el ministro de Defensa, Luis Hern\u00e1ndez, se encontraban retenidos seg\u00fan los principios de la justicia ind\u00edgena en una comunidad al norte de Quito, donde, asegur\u00f3, realizaban \u201cactividades log\u00edsticas\u201d e iban \u201cde civil\u201d.<\/p>\n\n\n\n<p><strong>Metro<\/strong><\/p>\n","protected":false},"excerpt":{"rendered":"<p>La Confederaci\u00f3n de Nacionalidades Ind\u00edgenas del Ecuador (Conaie) ha decretado un segundo d\u00eda de protestas y asegur\u00f3 que este mi\u00e9rcoles volver\u00e1 a salir a las calles para exigir sus derechos y una reducci\u00f3n del precio de los combustibles. En una comparecencia desde la provincia de Cotopaxi, el presidente de la Conaie, Leonidas Iza, puso siete [&hellip;]<\/p>\n","protected":false},"author":2,"featured_media":201201,"comment_status":"closed","ping_status":"closed","sticky":false,"template":"","format":"standard","meta":{"footnotes":""},"categories":[8],"tags":[],"class_list":{"0":"post-201200","1":"post","2":"type-post","3":"status-publish","4":"format-standard","5":"has-post-thumbnail","7":"category-internacionales"},"_links":{"self":[{"href":"https:\/\/elluchador.info\/index.php?rest_route=\/wp\/v2\/posts\/201200","targetHints":{"allow":["GET"]}}],"collection":[{"href":"https:\/\/elluchador.info\/index.php?rest_route=\/wp\/v2\/posts"}],"about":[{"href":"https:\/\/elluchador.info\/index.php?rest_route=\/wp\/v2\/types\/post"}],"author":[{"embeddable":true,"href":"https:\/\/elluchador.info\/index.php?rest_route=\/wp\/v2\/users\/2"}],"replies":[{"embeddable":true,"href":"https:\/\/elluchador.info\/index.php?rest_route=%2Fwp%2Fv2%2Fcomments&post=201200"}],"version-history":[{"count":1,"href":"https:\/\/elluchador.info\/index.php?rest_route=\/wp\/v2\/posts\/201200\/revisions"}],"predecessor-version":[{"id":201202,"href":"https:\/\/elluchador.info\/index.php?rest_route=\/wp\/v2\/posts\/201200\/revisions\/201202"}],"wp:featuredmedia":[{"embeddable":true,"href":"https:\/\/elluchador.info\/index.php?rest_route=\/wp\/v2\/media\/201201"}],"wp:attachment":[{"href":"https:\/\/elluchador.info\/index.php?rest_route=%2Fwp%2Fv2%2Fmedia&parent=201200"}],"wp:term":[{"taxonomy":"category","embeddable":true,"href":"https:\/\/elluchador.info\/index.php?rest_route=%2Fwp%2Fv2%2Fcategories&post=201200"},{"taxonomy":"post_tag","embeddable":true,"href":"https:\/\/elluchador.info\/index.php?rest_route=%2Fwp%2Fv2%2Ftags&post=201200"}],"curies":[{"name":"wp","href":"https:\/\/api.w.org\/{rel}","templated":true}]}}