{"id":201203,"date":"2021-10-27T10:19:56","date_gmt":"2021-10-27T14:19:56","guid":{"rendered":"https:\/\/elluchador.info\/web\/?p=201203"},"modified":"2021-10-27T10:19:57","modified_gmt":"2021-10-27T14:19:57","slug":"venezuela-abre-paso-peatonal-fronterizo-con-colombia-sin-restriccion-alguna","status":"publish","type":"post","link":"https:\/\/elluchador.info\/?p=201203","title":{"rendered":"Venezuela abre paso peatonal fronterizo con Colombia \u00absin restricci\u00f3n alguna\u00bb"},"content":{"rendered":"\n<p>El delegado del Gobierno venezolano para el fronterizo estado T\u00e1chira, Freddy Bernal, report\u00f3 la noche de ayer martes que el paso fronterizo binacional entre Colombia y Venezuela fue abierto por su pa\u00eds \u00absin restricci\u00f3n alguna\u00bb y de forma biosegura.<\/p>\n\n\n\n<p>Bernal report\u00f3, a trav\u00e9s de su cuenta en la red social Twitter, que el tr\u00e1nsito de personas est\u00e1 \u00aben perfecto funcionamiento de las entidades fronterizas en la atenci\u00f3n del pueblo venezolano y colombiano. \u00a1Esperamos la reciprocidad de Colombia!\u00bb, apunt\u00f3.<\/p>\n\n\n\n<p>El tambi\u00e9n diputado oficialista a la Asamblea Nacional (Congreso), destac\u00f3 que existe \u00abgran fluidez\u00bb en el paso peatonal entre ambas naciones, mismo que se encontraba oficialmente cerrado desde hace m\u00e1s de dos a\u00f1os por la dura pol\u00e9mica binacional.<\/p>\n\n\n\n<p>Mediante una entrevista audiovisual difundida en redes sociales desde el paso fronterizo, Bernal indic\u00f3 que, en meses anteriores hab\u00edan acordado reabrir el paso con autoridades colombianas, pero el vecino pa\u00eds no envi\u00f3 m\u00e1s representantes a reunirse para establecer las respectivas coordinaciones.<\/p>\n\n\n\n<p>Indic\u00f3 que, ante la demora de las autoridades neogranadinas, \u00abno pod\u00edamos esperar a que se les ocurriera sentarse con nosotros. Ya la frontera est\u00e1 abierta desde las 06:00 de la ma\u00f1ana hasta las 20:00 (hora local)\u00bb.<\/p>\n\n\n\n<p>Por \u00faltimo, Bernal aclar\u00f3 que no se trata de una medida temporal, sino permanente: \u00abes permanente, la frontera ha sido abierta por instrucciones del presidente Nicol\u00e1s Maduro\u00bb.<\/p>\n\n\n\n<p><strong>Xinhua<\/strong><\/p>\n","protected":false},"excerpt":{"rendered":"<p>El delegado del Gobierno venezolano para el fronterizo estado T\u00e1chira, Freddy Bernal, report\u00f3 la noche de ayer martes que el paso fronterizo binacional entre Colombia y Venezuela fue abierto por su pa\u00eds \u00absin restricci\u00f3n alguna\u00bb y de forma biosegura. Bernal report\u00f3, a trav\u00e9s de su cuenta en la red social Twitter, que el tr\u00e1nsito de [&hellip;]<\/p>\n","protected":false},"author":2,"featured_media":201083,"comment_status":"closed","ping_status":"closed","sticky":false,"template":"","format":"standard","meta":{"footnotes":""},"categories":[8],"tags":[],"class_list":{"0":"post-201203","1":"post","2":"type-post","3":"status-publish","4":"format-standard","5":"has-post-thumbnail","7":"category-internacionales"},"_links":{"self":[{"href":"https:\/\/elluchador.info\/index.php?rest_route=\/wp\/v2\/posts\/201203","targetHints":{"allow":["GET"]}}],"collection":[{"href":"https:\/\/elluchador.info\/index.php?rest_route=\/wp\/v2\/posts"}],"about":[{"href":"https:\/\/elluchador.info\/index.php?rest_route=\/wp\/v2\/types\/post"}],"author":[{"embeddable":true,"href":"https:\/\/elluchador.info\/index.php?rest_route=\/wp\/v2\/users\/2"}],"replies":[{"embeddable":true,"href":"https:\/\/elluchador.info\/index.php?rest_route=%2Fwp%2Fv2%2Fcomments&post=201203"}],"version-history":[{"count":1,"href":"https:\/\/elluchador.info\/index.php?rest_route=\/wp\/v2\/posts\/201203\/revisions"}],"predecessor-version":[{"id":201204,"href":"https:\/\/elluchador.info\/index.php?rest_route=\/wp\/v2\/posts\/201203\/revisions\/201204"}],"wp:featuredmedia":[{"embeddable":true,"href":"https:\/\/elluchador.info\/index.php?rest_route=\/wp\/v2\/media\/201083"}],"wp:attachment":[{"href":"https:\/\/elluchador.info\/index.php?rest_route=%2Fwp%2Fv2%2Fmedia&parent=201203"}],"wp:term":[{"taxonomy":"category","embeddable":true,"href":"https:\/\/elluchador.info\/index.php?rest_route=%2Fwp%2Fv2%2Fcategories&post=201203"},{"taxonomy":"post_tag","embeddable":true,"href":"https:\/\/elluchador.info\/index.php?rest_route=%2Fwp%2Fv2%2Ftags&post=201203"}],"curies":[{"name":"wp","href":"https:\/\/api.w.org\/{rel}","templated":true}]}}