{"id":201207,"date":"2021-10-27T16:58:13","date_gmt":"2021-10-27T20:58:13","guid":{"rendered":"https:\/\/elluchador.info\/web\/?p=201207"},"modified":"2021-10-27T16:58:15","modified_gmt":"2021-10-27T20:58:15","slug":"el-sabado-6-de-noviembre-sera-la-iii-entrega-de-galardon-sol-de-angostura-en-el-manteco","status":"publish","type":"post","link":"https:\/\/elluchador.info\/?p=201207","title":{"rendered":"El S\u00e1bado 6 de noviembre ser\u00e1 la III entrega de galard\u00f3n \u00abSol de Angostura\u00bb en El Manteco"},"content":{"rendered":"\n<p>El venidero s\u00e1bado 6 de noviembre el hotel Saranda en El Manteco se vestir\u00e1 de gala para servir de escenario en la realizaci\u00f3n de la III entrega del galard\u00f3n Sol de Angostura, en la que se reconocer\u00e1 la labor de empresarios, emprendedores y otras personalidades, en beneficio del desarrollo del municipio Piar y su impacto en las mejoras de la calidad de vida de sus habitantes.<\/p>\n\n\n\n<p>As\u00ed lo dej\u00f3 saber el reconocido comunicador social y locutor, Lcdo. Alexander D\u00edaz, presidente de la Fundaci\u00f3n Organizaci\u00f3n Sol de Angostura.<\/p>\n\n\n\n<p>\u201cEn este evento, que es el tercero que se hace de forma consecutiva en El Manteco vamos a hacer un justo y merecido reconocimiento a la trayectoria empresarial de un grupo de personalidades que se han destacado por su contribuci\u00f3n durante a\u00f1os en el desarrollo de esta zona minera\u201d, expres\u00f3 D\u00edaz.<\/p>\n\n\n\n<p>Durante el acto, que est\u00e1 pautado para dar inicio a las 12:30 pm, el l\u00edder emprendedor, Oreste Balb\u00e1s, ser\u00e1 galardonado como empresario del a\u00f1o en Piar.&nbsp;<\/p>\n\n\n\n<p>\u201cEste constructor de sue\u00f1os, toda su vida ha sido consecuente con su trabajo de vital importancia para el desarrollo de El Manteco, m\u00e9ritos suficientes para que la organizaci\u00f3n Sol de Angostura le otorgue tan importante distinci\u00f3n\u201d, destac\u00f3 Alexander D\u00edaz.&nbsp;<\/p>\n\n\n\n<p>Tambi\u00e9n est\u00e1 en la lista de celebridades que ser\u00e1n homenajeadas durante la ceremonia, el Lcdo. Jos\u00e9 Hern\u00e1ndez, por su desprendido apoyo al mantenimiento del ornato p\u00fablico de la comunidad. As\u00ed mismo ser\u00e1 exaltada la labor del distinguido ciudadano, C\u00e9sar Castro, por su perseverancia y gran respaldo a las luchas sociales.<\/p>\n\n\n\n<p>&nbsp;El Lcdo. Gustavo Henr\u00edquez, destacado empresario de la regi\u00f3n, gerente y propietario del prestigioso y confortable Hotel las Acacias de El Manteco tambi\u00e9n recibir\u00e1 una especial condecoraci\u00f3n por ser pieza angular en el desarrollo y sostenibilidad del turismo en la regi\u00f3n.<\/p>\n\n\n\n<p>Jalar Zaitouna, destacado ciudadano emprendedor de la comunidad, tambi\u00e9n ser\u00e1 laureado durante el acto debido a su contribuci\u00f3n en el fortalecimiento econ\u00f3mico de El Manteco.<\/p>\n\n\n\n<p>La indetenible trayectoria como servidor p\u00fablico de Jos\u00e9 Hern\u00e1ndez, emprendedor en el \u00e1rea de alimentaci\u00f3n, tambi\u00e9n ser\u00e1 exaltada por ser determinante para el mejor vivir, dando mejoras integrales y plenas a los habitantes de la sociedad de la parroquia Pedro Cova.<\/p>\n\n\n\n<p>German Garc\u00eda, propietario del Bodeg\u00f3n de Germ\u00e1n, tambi\u00e9n figura en la exclusiva lista de distinguidas personalidades que recibir\u00e1n el reconocimiento por parte del Sol de Angostura, debido a su contribuci\u00f3n en pro del bienestar social de los piarenses.<\/p>\n\n\n\n<p>As\u00ed mismo ser\u00e1n Galardonados: Farma Rutas II, empresa Lubritodo, panader\u00eda Hermanos Ni\u00f1o, Empresa Portela, Rest. Don Nacho, Lcda. Nellys S\u00e1nchez, el destacado locutor Eduardo Canelones, el Teniente (Gnb) Jos\u00e9 C\u00e1ceres, Mini Market El Manteco, entre otros, por su gran labor en pro del desarrollo social, preventivo y econ\u00f3mico en la regi\u00f3n.<\/p>\n\n\n\n<p> (CNP 23.425)<\/p>\n","protected":false},"excerpt":{"rendered":"<p>El venidero s\u00e1bado 6 de noviembre el hotel Saranda en El Manteco se vestir\u00e1 de gala para servir de escenario en la realizaci\u00f3n de la III entrega del galard\u00f3n Sol de Angostura, en la que se reconocer\u00e1 la labor de empresarios, emprendedores y otras personalidades, en beneficio del desarrollo del municipio Piar y su impacto [&hellip;]<\/p>\n","protected":false},"author":2,"featured_media":201213,"comment_status":"closed","ping_status":"closed","sticky":false,"template":"","format":"standard","meta":{"footnotes":""},"categories":[5,12],"tags":[],"class_list":{"0":"post-201207","1":"post","2":"type-post","3":"status-publish","4":"format-standard","5":"has-post-thumbnail","7":"category-destacado","8":"category-regionales"},"_links":{"self":[{"href":"https:\/\/elluchador.info\/index.php?rest_route=\/wp\/v2\/posts\/201207","targetHints":{"allow":["GET"]}}],"collection":[{"href":"https:\/\/elluchador.info\/index.php?rest_route=\/wp\/v2\/posts"}],"about":[{"href":"https:\/\/elluchador.info\/index.php?rest_route=\/wp\/v2\/types\/post"}],"author":[{"embeddable":true,"href":"https:\/\/elluchador.info\/index.php?rest_route=\/wp\/v2\/users\/2"}],"replies":[{"embeddable":true,"href":"https:\/\/elluchador.info\/index.php?rest_route=%2Fwp%2Fv2%2Fcomments&post=201207"}],"version-history":[{"count":1,"href":"https:\/\/elluchador.info\/index.php?rest_route=\/wp\/v2\/posts\/201207\/revisions"}],"predecessor-version":[{"id":201208,"href":"https:\/\/elluchador.info\/index.php?rest_route=\/wp\/v2\/posts\/201207\/revisions\/201208"}],"wp:featuredmedia":[{"embeddable":true,"href":"https:\/\/elluchador.info\/index.php?rest_route=\/wp\/v2\/media\/201213"}],"wp:attachment":[{"href":"https:\/\/elluchador.info\/index.php?rest_route=%2Fwp%2Fv2%2Fmedia&parent=201207"}],"wp:term":[{"taxonomy":"category","embeddable":true,"href":"https:\/\/elluchador.info\/index.php?rest_route=%2Fwp%2Fv2%2Fcategories&post=201207"},{"taxonomy":"post_tag","embeddable":true,"href":"https:\/\/elluchador.info\/index.php?rest_route=%2Fwp%2Fv2%2Ftags&post=201207"}],"curies":[{"name":"wp","href":"https:\/\/api.w.org\/{rel}","templated":true}]}}