{"id":201209,"date":"2021-10-27T16:57:37","date_gmt":"2021-10-27T20:57:37","guid":{"rendered":"https:\/\/elluchador.info\/web\/?p=201209"},"modified":"2021-10-27T16:57:38","modified_gmt":"2021-10-27T20:57:38","slug":"plan-ciudad-bolivar-bonita-llega-al-parque-leonardo-ruiz-pineda","status":"publish","type":"post","link":"https:\/\/elluchador.info\/?p=201209","title":{"rendered":"Plan Ciudad Bol\u00edvar Bonita llega al parque Leonardo Ruiz Pineda"},"content":{"rendered":"\n<p>La gesti\u00f3n del alcalde, Sergio Hern\u00e1ndez, llev\u00f3 a cabo una jornada integral de mantenimiento al parque Leonardo Ruiz Pineda,&nbsp; con el apoyo de empresas hermanas de Gobierno.<\/p>\n\n\n\n<p>Sarah Lizardi, directora de Servicios Generales Municipales, indic\u00f3 que cumpliendo con los compromisos ambientales realizaron un abordaje amplio de limpieza para garantizar espacios aptos para la recreaci\u00f3n de los bolivarenses.<\/p>\n\n\n\n<p>\u201cEstamos trayendo esta jornada de mantenimiento en el marco del plan Ciudad Bol\u00edvar Bonita a este hermoso parque, que es icono de Ciudad Bol\u00edvar y uno de los pulmones vegetales que la gente puede visitar para recrearse\u201d, dijo.<\/p>\n\n\n\n<p>Asegur\u00f3 que la gesti\u00f3n del alcalde Sergio Hern\u00e1ndez sigue haciendo esfuerzos por mantener todos los espacios de Ciudad Bol\u00edvar en \u00f3ptimo funcionamiento y agradeci\u00f3 a las cuadrillas de la municipalidad por su compromiso; as\u00ed como la sinergia con BNBT, Cabelum, Gobernaci\u00f3n y la empresa privada.<\/p>\n\n\n\n<p>Se\u00f1al\u00f3 que avanzan en la transformaci\u00f3n de la localidad bajo pol\u00edticas de altura y con gran compromiso.<\/p>\n\n\n\n<p><strong>Alumbrado<\/strong><\/p>\n\n\n\n<p>Lizardi, inform\u00f3 que igualmente realizaron instalaci\u00f3n y sustituci\u00f3n de l\u00e1mparas LED en las \u00e1reas del parque, para que los bolivarenses puedan disfrutar de este sitio durante la flexibilizaci\u00f3n.<\/p>\n\n\n\n<p>\u201cCon toda esta inversi\u00f3n que realizamos, estamos apostando por la masificaci\u00f3n del deporte en nuestra ciudad y esperamos que los j\u00f3venes puedan disfrutar de este hermoso sitio que hemos acondicionado\u201d, se\u00f1al\u00f3.<\/p>\n\n\n\n<p>Destac\u00f3 que las actividades de limpieza se extender\u00e1n a otros espacios de la capital del estado Bol\u00edvar, incluyendo calles y avenidas principales.<\/p>\n\n\n\n<p>\u201cMantenemos el compromiso que adquirimos con nuestro pueblo de recuperar y mantener cada sitio popular de Ciudad Bol\u00edvar y exhortamos al poder popular a sumarse a las acometidas desde cada comunidad\u201d, coment\u00f3.<\/p>\n\n\n\n<p>Tambi\u00e9n expres\u00f3 que continuar\u00e1n trabajando junto a los cuerpos de seguridad de la municipalidad para dar continuidad a la desinfecci\u00f3n de espacios p\u00fablicos y proteger al pueblo bolivarense.<\/p>\n\n\n\n<p>Finalmente invit\u00f3 a los ciudadanos a mantener las medidas de seguridad y prevenci\u00f3n por la covid-19.<\/p>\n\n\n\n<figure class=\"wp-block-image size-full\"><img loading=\"lazy\" decoding=\"async\" width=\"1000\" height=\"748\" src=\"https:\/\/elluchador.info\/web\/wp-content\/uploads\/2021\/10\/02-4.jpg\" alt=\"\" class=\"wp-image-201210\" srcset=\"https:\/\/elluchador.info\/wp-content\/uploads\/2021\/10\/02-4.jpg 1000w, https:\/\/elluchador.info\/wp-content\/uploads\/2021\/10\/02-4-300x224.jpg 300w, https:\/\/elluchador.info\/wp-content\/uploads\/2021\/10\/02-4-768x574.jpg 768w, https:\/\/elluchador.info\/wp-content\/uploads\/2021\/10\/02-4-561x420.jpg 561w, https:\/\/elluchador.info\/wp-content\/uploads\/2021\/10\/02-4-80x60.jpg 80w, https:\/\/elluchador.info\/wp-content\/uploads\/2021\/10\/02-4-100x75.jpg 100w, https:\/\/elluchador.info\/wp-content\/uploads\/2021\/10\/02-4-180x135.jpg 180w, https:\/\/elluchador.info\/wp-content\/uploads\/2021\/10\/02-4-238x178.jpg 238w, https:\/\/elluchador.info\/wp-content\/uploads\/2021\/10\/02-4-640x479.jpg 640w, https:\/\/elluchador.info\/wp-content\/uploads\/2021\/10\/02-4-681x509.jpg 681w\" sizes=\"auto, (max-width: 1000px) 100vw, 1000px\" \/><\/figure>\n\n\n\n<p><strong>Prensa Alcald\u00eda AO<\/strong><\/p>\n","protected":false},"excerpt":{"rendered":"<p>La gesti\u00f3n del alcalde, Sergio Hern\u00e1ndez, llev\u00f3 a cabo una jornada integral de mantenimiento al parque Leonardo Ruiz Pineda,&nbsp; con el apoyo de empresas hermanas de Gobierno. Sarah Lizardi, directora de Servicios Generales Municipales, indic\u00f3 que cumpliendo con los compromisos ambientales realizaron un abordaje amplio de limpieza para garantizar espacios aptos para la recreaci\u00f3n de [&hellip;]<\/p>\n","protected":false},"author":2,"featured_media":201211,"comment_status":"closed","ping_status":"closed","sticky":false,"template":"","format":"standard","meta":{"footnotes":""},"categories":[5,20],"tags":[],"class_list":{"0":"post-201209","1":"post","2":"type-post","3":"status-publish","4":"format-standard","5":"has-post-thumbnail","7":"category-destacado","8":"category-municipal"},"_links":{"self":[{"href":"https:\/\/elluchador.info\/index.php?rest_route=\/wp\/v2\/posts\/201209","targetHints":{"allow":["GET"]}}],"collection":[{"href":"https:\/\/elluchador.info\/index.php?rest_route=\/wp\/v2\/posts"}],"about":[{"href":"https:\/\/elluchador.info\/index.php?rest_route=\/wp\/v2\/types\/post"}],"author":[{"embeddable":true,"href":"https:\/\/elluchador.info\/index.php?rest_route=\/wp\/v2\/users\/2"}],"replies":[{"embeddable":true,"href":"https:\/\/elluchador.info\/index.php?rest_route=%2Fwp%2Fv2%2Fcomments&post=201209"}],"version-history":[{"count":1,"href":"https:\/\/elluchador.info\/index.php?rest_route=\/wp\/v2\/posts\/201209\/revisions"}],"predecessor-version":[{"id":201212,"href":"https:\/\/elluchador.info\/index.php?rest_route=\/wp\/v2\/posts\/201209\/revisions\/201212"}],"wp:featuredmedia":[{"embeddable":true,"href":"https:\/\/elluchador.info\/index.php?rest_route=\/wp\/v2\/media\/201211"}],"wp:attachment":[{"href":"https:\/\/elluchador.info\/index.php?rest_route=%2Fwp%2Fv2%2Fmedia&parent=201209"}],"wp:term":[{"taxonomy":"category","embeddable":true,"href":"https:\/\/elluchador.info\/index.php?rest_route=%2Fwp%2Fv2%2Fcategories&post=201209"},{"taxonomy":"post_tag","embeddable":true,"href":"https:\/\/elluchador.info\/index.php?rest_route=%2Fwp%2Fv2%2Ftags&post=201209"}],"curies":[{"name":"wp","href":"https:\/\/api.w.org\/{rel}","templated":true}]}}