{"id":201245,"date":"2021-10-27T21:38:54","date_gmt":"2021-10-28T01:38:54","guid":{"rendered":"https:\/\/elluchador.info\/web\/?p=201245"},"modified":"2021-10-27T21:38:56","modified_gmt":"2021-10-28T01:38:56","slug":"el-fc-barcelona-anuncio-la-destitucion-de-su-tecnico-ronald-koeman","status":"publish","type":"post","link":"https:\/\/elluchador.info\/?p=201245","title":{"rendered":"El FC Barcelona anunci\u00f3 la destituci\u00f3n de su t\u00e9cnico Ronald Koeman"},"content":{"rendered":"\n<p>\u00abEl presidente del club,\u00a0<strong>Joan Laporta<\/strong>, se lo ha comunicado despu\u00e9s de la derrota ante el Rayo Vallecano. Ronald Koeman se ha despedido de la plantilla esta noche\u00bb, inform\u00f3 la entidad azulgrana en un comunicado en el que agradece al preparador neerland\u00e9s \u00ablos servicios prestados\u00bb y le desea \u00abmucha suerte\u00bb en su vida y su carrera profesional.<\/p>\n\n\n\n<p>El FC Barcelona anunci\u00f3 la destituci\u00f3n del t\u00e9cnico del primer equipo, Ronald Koeman, despu\u00e9s de que los azulgranas perdieran en Vallecas (1-0) su segundo partido consecutivo en la Liga Espa\u00f1ola.<\/p>\n\n\n\n<p>La derrota ante el Rayo sit\u00faa al conjunto azulgrana noveno en la clasificaci\u00f3n, con 15 puntos de 30 posibles, lo que les sit\u00faa a la misma distancia -8 puntos- del l\u00edder de la competici\u00f3n, el\u00a0<a href=\"https:\/\/www.elnacional.com\/deportes\/futbol\/el-real-madrid-se-queda-con-el-clasico\/\">Real Madrid<\/a>, que del descenso.<\/p>\n\n\n\n<figure class=\"wp-block-embed is-type-rich is-provider-twitter wp-block-embed-twitter\"><div class=\"wp-block-embed__wrapper\">\n<blockquote class=\"twitter-tweet\" data-width=\"550\" data-dnt=\"true\"><p lang=\"es\" dir=\"ltr\">El FC Barcelona ha destituido esta noche a Ronald Koeman como t\u00e9cnico del primer equipo<\/p>&mdash; FC Barcelona (@FCBarcelona_es) <a href=\"https:\/\/twitter.com\/FCBarcelona_es\/status\/1453485418477936643?ref_src=twsrc%5Etfw\">October 27, 2021<\/a><\/blockquote><script async src=\"https:\/\/platform.twitter.com\/widgets.js\" charset=\"utf-8\"><\/script>\n<\/div><\/figure>\n\n\n\n<p>El Nacional<\/p>\n","protected":false},"excerpt":{"rendered":"<p>\u00abEl presidente del club,\u00a0Joan Laporta, se lo ha comunicado despu\u00e9s de la derrota ante el Rayo Vallecano. Ronald Koeman se ha despedido de la plantilla esta noche\u00bb, inform\u00f3 la entidad azulgrana en un comunicado en el que agradece al preparador neerland\u00e9s \u00ablos servicios prestados\u00bb y le desea \u00abmucha suerte\u00bb en su vida y su carrera [&hellip;]<\/p>\n","protected":false},"author":2,"featured_media":201246,"comment_status":"closed","ping_status":"closed","sticky":false,"template":"","format":"standard","meta":{"footnotes":""},"categories":[4,5],"tags":[],"class_list":{"0":"post-201245","1":"post","2":"type-post","3":"status-publish","4":"format-standard","5":"has-post-thumbnail","7":"category-deportes","8":"category-destacado"},"_links":{"self":[{"href":"https:\/\/elluchador.info\/index.php?rest_route=\/wp\/v2\/posts\/201245","targetHints":{"allow":["GET"]}}],"collection":[{"href":"https:\/\/elluchador.info\/index.php?rest_route=\/wp\/v2\/posts"}],"about":[{"href":"https:\/\/elluchador.info\/index.php?rest_route=\/wp\/v2\/types\/post"}],"author":[{"embeddable":true,"href":"https:\/\/elluchador.info\/index.php?rest_route=\/wp\/v2\/users\/2"}],"replies":[{"embeddable":true,"href":"https:\/\/elluchador.info\/index.php?rest_route=%2Fwp%2Fv2%2Fcomments&post=201245"}],"version-history":[{"count":1,"href":"https:\/\/elluchador.info\/index.php?rest_route=\/wp\/v2\/posts\/201245\/revisions"}],"predecessor-version":[{"id":201247,"href":"https:\/\/elluchador.info\/index.php?rest_route=\/wp\/v2\/posts\/201245\/revisions\/201247"}],"wp:featuredmedia":[{"embeddable":true,"href":"https:\/\/elluchador.info\/index.php?rest_route=\/wp\/v2\/media\/201246"}],"wp:attachment":[{"href":"https:\/\/elluchador.info\/index.php?rest_route=%2Fwp%2Fv2%2Fmedia&parent=201245"}],"wp:term":[{"taxonomy":"category","embeddable":true,"href":"https:\/\/elluchador.info\/index.php?rest_route=%2Fwp%2Fv2%2Fcategories&post=201245"},{"taxonomy":"post_tag","embeddable":true,"href":"https:\/\/elluchador.info\/index.php?rest_route=%2Fwp%2Fv2%2Ftags&post=201245"}],"curies":[{"name":"wp","href":"https:\/\/api.w.org\/{rel}","templated":true}]}}