{"id":201258,"date":"2021-10-28T09:32:34","date_gmt":"2021-10-28T13:32:34","guid":{"rendered":"https:\/\/elluchador.info\/web\/?p=201258"},"modified":"2021-10-28T09:32:37","modified_gmt":"2021-10-28T13:32:37","slug":"autorizaron-la-eutanasia-de-martha-sepulveda-luego-de-que-una-clinica-de-colombia-se-negara-a-practicarla","status":"publish","type":"post","link":"https:\/\/elluchador.info\/?p=201258","title":{"rendered":"Autorizaron la eutanasia de Martha Sep\u00falveda, luego de que una cl\u00ednica de Colombia se negara a practicarla"},"content":{"rendered":"\n<p>Despu\u00e9s de que la IPS&nbsp;Incodol cancel\u00f3 la&nbsp;<strong>eutanasia&nbsp;<\/strong>de&nbsp;<strong>Martha Sep\u00falveda<\/strong>, quien iba a morir el domingo 10 de octubre a las 7 de la ma\u00f1ana, un juez orden\u00f3 que dicho procedimiento debe practicarse.<\/p>\n\n\n\n<p>Y dio 48 horas a la entidad&nbsp;para acordar con Sep\u00falveda el d\u00eda y la hora en que se realizar\u00e1 el procedimiento, tal como es su voluntad desde hace unos meses por tener una enfermedad terminal, sin inminencia de muerte.<\/p>\n\n\n\n<p>El Comit\u00e9 Cient\u00edfico Interdisciplinario para el Derecho a Morir con Dignidad hab\u00eda concluido el 8 de octubre que&nbsp;<strong>Martha&nbsp;<\/strong>hab\u00eda presentado una mejor\u00eda tras haber visto una entrevista de la paciente en televisi\u00f3n.<\/p>\n\n\n\n<p>Sin embargo, tras la cancelaci\u00f3n del procedimiento, que fue duramente cuestionado por la familia, se emprendieron acciones legales y hoy un juez les dio la raz\u00f3n a una tutela que interpusieron.<\/p>\n\n\n\n<p>\u201cEl Juez reconoci\u00f3 que la IPS Incodol vulner\u00f3 los derechos fundamentales a morir dignamente, a la vida digna, al libre desarrollo de la personalidad y la dignidad humana de Martha Sep\u00falveda. Tambi\u00e9n reconoci\u00f3 que, como lo dicta el Acta del 6 de agosto de 2021, Martha Sep\u00falveda s\u00ed cumple con los requisitos establecidos por las normas vigentes para acceder a la&nbsp;<strong>eutanasia&nbsp;<\/strong>legal en el marco del Sistema de Salud colombiano. A nadie se le puede exigir tener una enfermedad terminal para poder acceder a la eutanasia en Colombia\u201d, inform\u00f3 en un comunicado&nbsp;DescLAB, que asesora a Sep\u00falveda, quien&nbsp;tiene 51 a\u00f1os y padece de esclerosis lateral amiotr\u00f3fica (ELA).<\/p>\n\n\n\n<p><strong>Por&nbsp;<a href=\"https:\/\/www.eltiempo.com\/colombia\/medellin\/eutanasia-a-martha-sepulveda-fue-ordenada-a-ips-por-un-juez-628303#Echobox=1635372702-1\">eltiempo.com<\/a><\/strong><\/p>\n","protected":false},"excerpt":{"rendered":"<p>Despu\u00e9s de que la IPS&nbsp;Incodol cancel\u00f3 la&nbsp;eutanasia&nbsp;de&nbsp;Martha Sep\u00falveda, quien iba a morir el domingo 10 de octubre a las 7 de la ma\u00f1ana, un juez orden\u00f3 que dicho procedimiento debe practicarse. Y dio 48 horas a la entidad&nbsp;para acordar con Sep\u00falveda el d\u00eda y la hora en que se realizar\u00e1 el procedimiento, tal como es [&hellip;]<\/p>\n","protected":false},"author":2,"featured_media":201259,"comment_status":"closed","ping_status":"closed","sticky":false,"template":"","format":"standard","meta":{"footnotes":""},"categories":[8],"tags":[],"class_list":{"0":"post-201258","1":"post","2":"type-post","3":"status-publish","4":"format-standard","5":"has-post-thumbnail","7":"category-internacionales"},"_links":{"self":[{"href":"https:\/\/elluchador.info\/index.php?rest_route=\/wp\/v2\/posts\/201258","targetHints":{"allow":["GET"]}}],"collection":[{"href":"https:\/\/elluchador.info\/index.php?rest_route=\/wp\/v2\/posts"}],"about":[{"href":"https:\/\/elluchador.info\/index.php?rest_route=\/wp\/v2\/types\/post"}],"author":[{"embeddable":true,"href":"https:\/\/elluchador.info\/index.php?rest_route=\/wp\/v2\/users\/2"}],"replies":[{"embeddable":true,"href":"https:\/\/elluchador.info\/index.php?rest_route=%2Fwp%2Fv2%2Fcomments&post=201258"}],"version-history":[{"count":1,"href":"https:\/\/elluchador.info\/index.php?rest_route=\/wp\/v2\/posts\/201258\/revisions"}],"predecessor-version":[{"id":201260,"href":"https:\/\/elluchador.info\/index.php?rest_route=\/wp\/v2\/posts\/201258\/revisions\/201260"}],"wp:featuredmedia":[{"embeddable":true,"href":"https:\/\/elluchador.info\/index.php?rest_route=\/wp\/v2\/media\/201259"}],"wp:attachment":[{"href":"https:\/\/elluchador.info\/index.php?rest_route=%2Fwp%2Fv2%2Fmedia&parent=201258"}],"wp:term":[{"taxonomy":"category","embeddable":true,"href":"https:\/\/elluchador.info\/index.php?rest_route=%2Fwp%2Fv2%2Fcategories&post=201258"},{"taxonomy":"post_tag","embeddable":true,"href":"https:\/\/elluchador.info\/index.php?rest_route=%2Fwp%2Fv2%2Ftags&post=201258"}],"curies":[{"name":"wp","href":"https:\/\/api.w.org\/{rel}","templated":true}]}}