{"id":201264,"date":"2021-10-28T11:15:16","date_gmt":"2021-10-28T15:15:16","guid":{"rendered":"https:\/\/elluchador.info\/web\/?p=201264"},"modified":"2021-10-28T11:15:28","modified_gmt":"2021-10-28T15:15:28","slug":"iglesia-catolica-freno-el-aborto-de-una-nina-de-once-anos-violada-en-bolivia","status":"publish","type":"post","link":"https:\/\/elluchador.info\/?p=201264","title":{"rendered":"Iglesia Cat\u00f3lica fren\u00f3 el aborto de una ni\u00f1a de once a\u00f1os violada en Bolivia"},"content":{"rendered":"\n<p>Un grave caso de violencia de g\u00e9nero se presenta en Bolivia. Una ni\u00f1a de once a\u00f1os, embarazada por una violaci\u00f3n,&nbsp;<strong>no logr\u00f3 la interrupci\u00f3n legal de la gestaci\u00f3n tras la intervenci\u00f3n de la iglesia cat\u00f3lica<\/strong>. Los religiosos contactaron a la familia de la menor de edad y modificaron su decisi\u00f3n.<\/p>\n\n\n\n<p>La ni\u00f1a se encontraba en el servicio de salud de Santa Cruz a la espera del aborto. Algunos&nbsp;<strong>medios de comunicaci\u00f3n difundieron el que se producir\u00eda la interrupci\u00f3n del embarazo<\/strong>&nbsp;y los religiosos actuaron. Los cl\u00e9rigos hablaron con la madre y la convencieron.<\/p>\n\n\n\n<p>El autor de la violaci\u00f3n es el padre del padrastro de la ni\u00f1a,&nbsp;<strong>un hombre de 61 a\u00f1os que abus\u00f3 de ella por diez meses<\/strong>, cuando sus padres trabajaban en La Paz. El sujeto est\u00e1 actualmente en prisi\u00f3n. La hermana mayor de la ni\u00f1a tambi\u00e9n fue ultrajada seis a\u00f1os atr\u00e1s, por su padre ya encarcelado.<\/p>\n\n\n\n<p>Un polic\u00eda a cargo del caso confirm\u00f3 que&nbsp;<strong>la iglesia le ofreci\u00f3 pagar una mensualidad a la familia de la ni\u00f1a<\/strong>&nbsp;para que no abortara. La menor de edad sali\u00f3 del hospital y fue llevada a un centro cat\u00f3lico. La instituci\u00f3n religiosa expres\u00f3 que \u201cla \u00fanica soluci\u00f3n es salvar, cuidar y apoyar con amor las dos vidas\u201d.<\/p>\n\n\n\n<p><a rel=\"noreferrer noopener\" href=\"https:\/\/elpais.com\/sociedad\/2021-10-27\/la-iglesia-catolica-frena-en-bolivia-el-aborto-de-una-nina-de-11-anos-violada-por-un-familiar.html\" target=\"_blank\"><em>El Pa\u00eds<\/em><\/a>\u00a0se\u00f1ala que para el ministro de gobierno Eduardo del Castillo \u201ccuando una ni\u00f1a de 11 a\u00f1os es obligada a dar a luz producto de una violaci\u00f3n, le est\u00e1n vulnerando todos sus derechos\u201d. La\u00a0<strong>defensora del pueblo Nadia Cruz calific\u00f3 que la actuaci\u00f3n de la iglesia como \u201cdelincuencial\u201d<\/strong>.<\/p>\n\n\n\n<p><img decoding=\"async\" alt=\"Feministas se manifiestan a favor del aborto legal en Bolivia\" src=\"https:\/\/img-s-msn-com.akamaized.net\/tenant\/amp\/entityid\/AAQ1Nu4.img?h=584&amp;w=874&amp;m=6&amp;q=60&amp;o=f&amp;l=f\">\u00a9 Proporcionado por ADN Radio\u00a0Feministas se manifiestan a favor del aborto legal en Bolivia<\/p>\n\n\n\n<p><strong>ADN<\/strong><\/p>\n","protected":false},"excerpt":{"rendered":"<p>Un grave caso de violencia de g\u00e9nero se presenta en Bolivia. Una ni\u00f1a de once a\u00f1os, embarazada por una violaci\u00f3n,&nbsp;no logr\u00f3 la interrupci\u00f3n legal de la gestaci\u00f3n tras la intervenci\u00f3n de la iglesia cat\u00f3lica. Los religiosos contactaron a la familia de la menor de edad y modificaron su decisi\u00f3n. La ni\u00f1a se encontraba en el [&hellip;]<\/p>\n","protected":false},"author":2,"featured_media":201265,"comment_status":"closed","ping_status":"closed","sticky":false,"template":"","format":"standard","meta":{"footnotes":""},"categories":[8],"tags":[],"class_list":{"0":"post-201264","1":"post","2":"type-post","3":"status-publish","4":"format-standard","5":"has-post-thumbnail","7":"category-internacionales"},"_links":{"self":[{"href":"https:\/\/elluchador.info\/index.php?rest_route=\/wp\/v2\/posts\/201264","targetHints":{"allow":["GET"]}}],"collection":[{"href":"https:\/\/elluchador.info\/index.php?rest_route=\/wp\/v2\/posts"}],"about":[{"href":"https:\/\/elluchador.info\/index.php?rest_route=\/wp\/v2\/types\/post"}],"author":[{"embeddable":true,"href":"https:\/\/elluchador.info\/index.php?rest_route=\/wp\/v2\/users\/2"}],"replies":[{"embeddable":true,"href":"https:\/\/elluchador.info\/index.php?rest_route=%2Fwp%2Fv2%2Fcomments&post=201264"}],"version-history":[{"count":1,"href":"https:\/\/elluchador.info\/index.php?rest_route=\/wp\/v2\/posts\/201264\/revisions"}],"predecessor-version":[{"id":201266,"href":"https:\/\/elluchador.info\/index.php?rest_route=\/wp\/v2\/posts\/201264\/revisions\/201266"}],"wp:featuredmedia":[{"embeddable":true,"href":"https:\/\/elluchador.info\/index.php?rest_route=\/wp\/v2\/media\/201265"}],"wp:attachment":[{"href":"https:\/\/elluchador.info\/index.php?rest_route=%2Fwp%2Fv2%2Fmedia&parent=201264"}],"wp:term":[{"taxonomy":"category","embeddable":true,"href":"https:\/\/elluchador.info\/index.php?rest_route=%2Fwp%2Fv2%2Fcategories&post=201264"},{"taxonomy":"post_tag","embeddable":true,"href":"https:\/\/elluchador.info\/index.php?rest_route=%2Fwp%2Fv2%2Ftags&post=201264"}],"curies":[{"name":"wp","href":"https:\/\/api.w.org\/{rel}","templated":true}]}}