{"id":201275,"date":"2021-10-28T15:58:07","date_gmt":"2021-10-28T19:58:07","guid":{"rendered":"https:\/\/elluchador.info\/web\/?p=201275"},"modified":"2021-10-28T15:58:09","modified_gmt":"2021-10-28T19:58:09","slug":"inician-colocacion-de-mas-de-2-mil-ojos-de-gato-en-avenida-los-trabajadores-en-guayana","status":"publish","type":"post","link":"https:\/\/elluchador.info\/?p=201275","title":{"rendered":"Inician colocaci\u00f3n de m\u00e1s de 2 mil \u201cojos de gato\u00bb en avenida Los Trabajadores en Guayana"},"content":{"rendered":"\n<p>&nbsp;Jessiel Gasc\u00f3n, director regional del Ministerio del poder popular para Ecosocialismo (Minec Bol\u00edvar), inform\u00f3 que este mi\u00e9rcoles 27 de octubre iniciaron trabajos de colocaci\u00f3n de \u201cojos de gato\u00bb en la avenida Los Trabajadores en el municipio Caron\u00ed.<\/p>\n\n\n\n<p>Dijo que en marco del Plan \u201cJuntos lo Hacemos Mejor\u00bb, impulsado por el diputado y candidato a la Gobernaci\u00f3n del estado Bol\u00edvar por el Partido Socialista Unido de Venezuela (Psuv), \u00c1ngel Marcano, y el alcalde de Caron\u00ed y abanderado a la reelecci\u00f3n, Tito Oviedo, con apoyo de la empresa privada y de Minec Bol\u00edvar, desde hace m\u00e1s de un mes, m\u00e1s de 300 personas est\u00e1n desplegadas en esta importante v\u00eda, para garantizar su rehabilitaci\u00f3n.<\/p>\n\n\n\n<p>\u201cSon m\u00e1s de 300 personas, equipos y maquinarias, que han ejecutado acciones integrales de limpieza, mantenimiento, pintura, barrido manual, despeje,&nbsp; demarcaci\u00f3n, despapelado y una serie de labores, para brindar bienestar vial a quienes transitan por la avenida Los Trabajadores en el municipio Caron\u00ed\u201d.<\/p>\n\n\n\n<p><strong>Complejo Manuel Carlos Piar<\/strong><\/p>\n\n\n\n<p>El director regional de Minec Bol\u00edvar, agradeci\u00f3 al ingeniero Eduardo Rivas, presidente del Complejo Industrial Manuel Carlos Piar, por asumir el compromiso de trabajar por una \u201cCiudad Guayana Bonita\u201d y por respaldar desde hace m\u00e1s de un mes, este importante Plan, que busca el bienestar del pueblo.<\/p>\n\n\n\n<p>\u201cGracias al Complejo Industrial Manuel Carlos Piar y a su presidente, Eduardo Rivas, por convertirse en aliado del Plan Juntos lo Hacemos Mejor, desde hace m\u00e1s de un mes, cuando un ej\u00e9rcito de hombres y mujeres comenzaron a cambiarle el rostro a la avenida Los Trabajadores, por donde diariamente transita la fuerza laboral de las empresas b\u00e1sicas y del emporio industrial de Guayana\u00bb.<\/p>\n\n\n\n<p>Gasc\u00f3n tambi\u00e9n agradeci\u00f3 las orientaciones y apoyo del ministro del poder popular para Ecosocialismo, Josu\u00e9 Lorca, y a todo el talento humano de Minec Bol\u00edvar, por mantenerse en despliegue permanente en esta Avenida del municipio Caron\u00ed.<\/p>\n\n\n\n<p>Record\u00f3 que ya el conocido puente Angosturita est\u00e1 pintado, demarcado y mantenido, gracias al esfuerzo de quienes trabajan todos los d\u00edas, para que el pueblo pueda sentirse atendido en materia de vialidad.<\/p>\n\n\n\n<p><strong>M\u00e1s de 2 mil \u201cojos de gato\u00bb<\/strong><\/p>\n\n\n\n<p>La autoridad regional de Minec Bol\u00edvar, detall\u00f3 que ser\u00e1n colocados m\u00e1s de 2 mil \u201cojos de gato\u00bb o tachas reflectivas, que brindar\u00e1n mejor se\u00f1alizaci\u00f3n para quienes transitan por esta concurrida v\u00eda.<\/p>\n\n\n\n<p>Agradeci\u00f3 a Corporaci\u00f3n El Tigre, empresa privada que est\u00e1 haciendo la donaci\u00f3n de estas se\u00f1ales de tr\u00e1nsito, vitales para facilitar el traslado vehicular, proporcionar mejor visibilidad de las condiciones de las rutas y alertar sobre la presencia de cualquier objeto u otro elemento en la carretera.<\/p>\n\n\n\n<p>\u201cEste mi\u00e9rcoles acompa\u00f1amos el inicio de la colocaci\u00f3n de los ojos de gato, que ser\u00e1n dispuestos en toda la avenida, comenzamos por el puente Angosturita, espacio donde ya hemos pintado, demarcado y limpiado\u201d. Finaliz\u00f3 Gasc\u00f3n.<\/p>\n\n\n\n<p><strong>Prensa Minec Bol\u00edvar\/ Wilitza Romero Valdivieso<\/strong><\/p>\n","protected":false},"excerpt":{"rendered":"<p>&nbsp;Jessiel Gasc\u00f3n, director regional del Ministerio del poder popular para Ecosocialismo (Minec Bol\u00edvar), inform\u00f3 que este mi\u00e9rcoles 27 de octubre iniciaron trabajos de colocaci\u00f3n de \u201cojos de gato\u00bb en la avenida Los Trabajadores en el municipio Caron\u00ed. Dijo que en marco del Plan \u201cJuntos lo Hacemos Mejor\u00bb, impulsado por el diputado y candidato a la [&hellip;]<\/p>\n","protected":false},"author":2,"featured_media":201276,"comment_status":"closed","ping_status":"closed","sticky":false,"template":"","format":"standard","meta":{"footnotes":""},"categories":[5,12],"tags":[],"class_list":{"0":"post-201275","1":"post","2":"type-post","3":"status-publish","4":"format-standard","5":"has-post-thumbnail","7":"category-destacado","8":"category-regionales"},"_links":{"self":[{"href":"https:\/\/elluchador.info\/index.php?rest_route=\/wp\/v2\/posts\/201275","targetHints":{"allow":["GET"]}}],"collection":[{"href":"https:\/\/elluchador.info\/index.php?rest_route=\/wp\/v2\/posts"}],"about":[{"href":"https:\/\/elluchador.info\/index.php?rest_route=\/wp\/v2\/types\/post"}],"author":[{"embeddable":true,"href":"https:\/\/elluchador.info\/index.php?rest_route=\/wp\/v2\/users\/2"}],"replies":[{"embeddable":true,"href":"https:\/\/elluchador.info\/index.php?rest_route=%2Fwp%2Fv2%2Fcomments&post=201275"}],"version-history":[{"count":1,"href":"https:\/\/elluchador.info\/index.php?rest_route=\/wp\/v2\/posts\/201275\/revisions"}],"predecessor-version":[{"id":201277,"href":"https:\/\/elluchador.info\/index.php?rest_route=\/wp\/v2\/posts\/201275\/revisions\/201277"}],"wp:featuredmedia":[{"embeddable":true,"href":"https:\/\/elluchador.info\/index.php?rest_route=\/wp\/v2\/media\/201276"}],"wp:attachment":[{"href":"https:\/\/elluchador.info\/index.php?rest_route=%2Fwp%2Fv2%2Fmedia&parent=201275"}],"wp:term":[{"taxonomy":"category","embeddable":true,"href":"https:\/\/elluchador.info\/index.php?rest_route=%2Fwp%2Fv2%2Fcategories&post=201275"},{"taxonomy":"post_tag","embeddable":true,"href":"https:\/\/elluchador.info\/index.php?rest_route=%2Fwp%2Fv2%2Ftags&post=201275"}],"curies":[{"name":"wp","href":"https:\/\/api.w.org\/{rel}","templated":true}]}}