{"id":201288,"date":"2021-10-28T16:15:10","date_gmt":"2021-10-28T20:15:10","guid":{"rendered":"https:\/\/elluchador.info\/web\/?p=201288"},"modified":"2021-10-28T16:15:11","modified_gmt":"2021-10-28T20:15:11","slug":"facebook-cambio-su-nombre-ahora-sera-meta","status":"publish","type":"post","link":"https:\/\/elluchador.info\/?p=201288","title":{"rendered":"Facebook cambi\u00f3 su nombre ahora ser\u00e1 \u00abMeta\u00bb"},"content":{"rendered":"\n<p>Este jueves Mark Zuckerberg caus\u00f3 revuelo al anunciar el cambio de nombre de la empresa Facebook.&nbsp;\u00abA partir de hoy, nuestra compa\u00f1\u00eda se llama&nbsp;Meta\u00bb.<\/p>\n\n\n\n<p>\u00abTenemos un nuevo objetivo: que el metaverso cobre vida\u00bb. Sin embargo, la famosa red social seguir\u00e1 llam\u00e1ndose&nbsp;Facebook.<\/p>\n\n\n\n<p>Meta ser\u00e1 la empresa matriz que englobe las redes sociales Facebook, WhatsApp e Instagram, adem\u00e1s de otros proyectos como Quest, Messenger o Horizon.<\/p>\n\n\n\n<p>Facebook Inc. cambia de nombre para intentar reflejar su nueva apuesta e introduce un s\u00edmbolo del infinito como representaci\u00f3n de Meta, aunque desde el equipo de dise\u00f1o tambi\u00e9n explicaron al portal Xataca que, representa la letra \u00abM\u00bb.<\/p>\n\n\n\n<p>\u00abPara muchas personas, no estoy seguro de que alguna vez haya un buen momento para centrarse en el futuro\u00bb, asegura Zuckerberg, quien explic\u00f3 que \u00abinvertir en el metaverso va a ser un gran paso adelante\u00bb. Un proyecto para \u00abteletransportarse a lugares con personas lejanas e interactuar con ellas en un espacio virtual\u00bb.<\/p>\n\n\n\n<p>Zuckerberg espera que el metaverso alcance los 1.000 millones de usuarios, genere miles de millones de d\u00f3lares y ayude el trabajo de los millones de creadores que ya trabajan en internet. \u00abFacebook se cre\u00f3 para conectar a la gente y ahora conectaremos a la gente a trav\u00e9s del metaverso\u00bb, concluy\u00f3 durante la presentaci\u00f3n Zuckerberg.<\/p>\n\n\n\n<p>Banca y Negocio<\/p>\n","protected":false},"excerpt":{"rendered":"<p>Este jueves Mark Zuckerberg caus\u00f3 revuelo al anunciar el cambio de nombre de la empresa Facebook.&nbsp;\u00abA partir de hoy, nuestra compa\u00f1\u00eda se llama&nbsp;Meta\u00bb. \u00abTenemos un nuevo objetivo: que el metaverso cobre vida\u00bb. Sin embargo, la famosa red social seguir\u00e1 llam\u00e1ndose&nbsp;Facebook. Meta ser\u00e1 la empresa matriz que englobe las redes sociales Facebook, WhatsApp e Instagram, adem\u00e1s [&hellip;]<\/p>\n","protected":false},"author":2,"featured_media":201289,"comment_status":"closed","ping_status":"closed","sticky":false,"template":"","format":"standard","meta":{"footnotes":""},"categories":[5,14],"tags":[],"class_list":{"0":"post-201288","1":"post","2":"type-post","3":"status-publish","4":"format-standard","5":"has-post-thumbnail","7":"category-destacado","8":"category-tecnologia"},"_links":{"self":[{"href":"https:\/\/elluchador.info\/index.php?rest_route=\/wp\/v2\/posts\/201288","targetHints":{"allow":["GET"]}}],"collection":[{"href":"https:\/\/elluchador.info\/index.php?rest_route=\/wp\/v2\/posts"}],"about":[{"href":"https:\/\/elluchador.info\/index.php?rest_route=\/wp\/v2\/types\/post"}],"author":[{"embeddable":true,"href":"https:\/\/elluchador.info\/index.php?rest_route=\/wp\/v2\/users\/2"}],"replies":[{"embeddable":true,"href":"https:\/\/elluchador.info\/index.php?rest_route=%2Fwp%2Fv2%2Fcomments&post=201288"}],"version-history":[{"count":1,"href":"https:\/\/elluchador.info\/index.php?rest_route=\/wp\/v2\/posts\/201288\/revisions"}],"predecessor-version":[{"id":201290,"href":"https:\/\/elluchador.info\/index.php?rest_route=\/wp\/v2\/posts\/201288\/revisions\/201290"}],"wp:featuredmedia":[{"embeddable":true,"href":"https:\/\/elluchador.info\/index.php?rest_route=\/wp\/v2\/media\/201289"}],"wp:attachment":[{"href":"https:\/\/elluchador.info\/index.php?rest_route=%2Fwp%2Fv2%2Fmedia&parent=201288"}],"wp:term":[{"taxonomy":"category","embeddable":true,"href":"https:\/\/elluchador.info\/index.php?rest_route=%2Fwp%2Fv2%2Fcategories&post=201288"},{"taxonomy":"post_tag","embeddable":true,"href":"https:\/\/elluchador.info\/index.php?rest_route=%2Fwp%2Fv2%2Ftags&post=201288"}],"curies":[{"name":"wp","href":"https:\/\/api.w.org\/{rel}","templated":true}]}}