{"id":201291,"date":"2021-10-28T16:19:54","date_gmt":"2021-10-28T20:19:54","guid":{"rendered":"https:\/\/elluchador.info\/web\/?p=201291"},"modified":"2021-10-28T16:19:56","modified_gmt":"2021-10-28T20:19:56","slug":"cancilleres-de-venezuela-y-rusia-se-reuniran-en-noviembre-para-tratar-tema-covid-19","status":"publish","type":"post","link":"https:\/\/elluchador.info\/?p=201291","title":{"rendered":"Cancilleres de Venezuela y Rusia se reunir\u00e1n en noviembre para tratar tema Covid-19"},"content":{"rendered":"\n<p> \u00abLos ministros debatir\u00e1n un amplio abanico de temas de interacci\u00f3n, incluyendo la lucha contra el coronavirus\u00bb.<\/p>\n\n\n\n<p>El ministro de Exteriores de Rusia, Sergu\u00e9i Lavrov, se reunir\u00e1 el 8 de noviembre con su hom\u00f3logo venezolano, F\u00e9lix Plasencia,&nbsp;<strong>con quien abordar\u00e1 las relaciones bilaterales y la lucha contra la pandemia del coronavirus.<\/strong><\/p>\n\n\n\n<p>Se trata de\u00a0<strong>la primera visita oficial a Rusia de Plasencia<\/strong>, tras su designaci\u00f3n como ministro de Exteriores en agosto pasado en sustituci\u00f3n de Jorge Arreaza; dijo la portavoz de la diplomacia rusa,\u00a0<strong>Mar\u00eda Zaj\u00e1rova, en su rueda de prensa semanal<\/strong>.<\/p>\n\n\n\n<p>La portavoz de Exteriores constat\u00f3 que las relaciones bilaterales de Mosc\u00fa y Caracas se desarrollan din\u00e1micamente en el marco de la asociaci\u00f3n estrat\u00e9gica entre ambos pa\u00edses.<\/p>\n\n\n\n<p>\u00abRusia y Venezuela acumularon una gran experiencia en su interacci\u00f3n econ\u00f3mico-comercial, cient\u00edfico-t\u00e9cnica y humanitaria\u00bb, a\u00f1adi\u00f3.<\/p>\n\n\n\n<p>EFE<\/p>\n","protected":false},"excerpt":{"rendered":"<p>\u00abLos ministros debatir\u00e1n un amplio abanico de temas de interacci\u00f3n, incluyendo la lucha contra el coronavirus\u00bb. El ministro de Exteriores de Rusia, Sergu\u00e9i Lavrov, se reunir\u00e1 el 8 de noviembre con su hom\u00f3logo venezolano, F\u00e9lix Plasencia,&nbsp;con quien abordar\u00e1 las relaciones bilaterales y la lucha contra la pandemia del coronavirus. Se trata de\u00a0la primera visita oficial [&hellip;]<\/p>\n","protected":false},"author":2,"featured_media":201292,"comment_status":"closed","ping_status":"closed","sticky":false,"template":"","format":"standard","meta":{"footnotes":""},"categories":[8],"tags":[],"class_list":{"0":"post-201291","1":"post","2":"type-post","3":"status-publish","4":"format-standard","5":"has-post-thumbnail","7":"category-internacionales"},"_links":{"self":[{"href":"https:\/\/elluchador.info\/index.php?rest_route=\/wp\/v2\/posts\/201291","targetHints":{"allow":["GET"]}}],"collection":[{"href":"https:\/\/elluchador.info\/index.php?rest_route=\/wp\/v2\/posts"}],"about":[{"href":"https:\/\/elluchador.info\/index.php?rest_route=\/wp\/v2\/types\/post"}],"author":[{"embeddable":true,"href":"https:\/\/elluchador.info\/index.php?rest_route=\/wp\/v2\/users\/2"}],"replies":[{"embeddable":true,"href":"https:\/\/elluchador.info\/index.php?rest_route=%2Fwp%2Fv2%2Fcomments&post=201291"}],"version-history":[{"count":1,"href":"https:\/\/elluchador.info\/index.php?rest_route=\/wp\/v2\/posts\/201291\/revisions"}],"predecessor-version":[{"id":201293,"href":"https:\/\/elluchador.info\/index.php?rest_route=\/wp\/v2\/posts\/201291\/revisions\/201293"}],"wp:featuredmedia":[{"embeddable":true,"href":"https:\/\/elluchador.info\/index.php?rest_route=\/wp\/v2\/media\/201292"}],"wp:attachment":[{"href":"https:\/\/elluchador.info\/index.php?rest_route=%2Fwp%2Fv2%2Fmedia&parent=201291"}],"wp:term":[{"taxonomy":"category","embeddable":true,"href":"https:\/\/elluchador.info\/index.php?rest_route=%2Fwp%2Fv2%2Fcategories&post=201291"},{"taxonomy":"post_tag","embeddable":true,"href":"https:\/\/elluchador.info\/index.php?rest_route=%2Fwp%2Fv2%2Ftags&post=201291"}],"curies":[{"name":"wp","href":"https:\/\/api.w.org\/{rel}","templated":true}]}}